{"id":1907,"date":"2023-10-23T10:31:00","date_gmt":"2023-10-23T08:31:00","guid":{"rendered":"https:\/\/lautfunk.uber.space\/probepodcast\/?p=1907"},"modified":"2025-05-19T14:14:03","modified_gmt":"2025-05-19T12:14:03","slug":"frequenzmodulation-synthese-was-ist-die-fm-synthese","status":"publish","type":"post","link":"https:\/\/lautfunk.uber.space\/probepodcast\/frequenzmodulation-synthese-was-ist-die-fm-synthese\/","title":{"rendered":"Frequenzmodulation Synthese: Was ist die FM-Synthese"},"content":{"rendered":"\n<p class=\"is-style-info has-small-font-size\" style=\"font-style:normal;font-weight:400\">Das ist der begleitende Text-Beitrag zur Folge &#8222;<a href=\"https:\/\/lautfunk.uber.space\/probepodcast\/probe-podcast-63-fm-synthese\/\" target=\"_blank\" rel=\"noreferrer noopener\">Probe Podcast 62 FM Synthese<\/a>&#8222;<\/p>\n\n\n\n<h3 class=\"wp-block-heading\">Erkl\u00e4rungsversuch der FM Synthese:<\/h3>\n\n\n\n<h5 class=\"wp-block-heading\"><strong>FM-Synthese: Eine umfassende Erkl\u00e4rung mit visuellen Elementen<\/strong><\/h5>\n\n\n\n<p>FM-Synthese (<span data-wikipedia-preview=\"\" data-wp-title=\"FM-Synthese\" data-wp-lang=\"de\" class=\"wmf-wp-with-preview\">Frequenzmodulationssynthese<\/span>) ist eine beliebte Methode zur Klangerzeugung in der Musikproduktion. Sie basiert auf der Ver\u00e4nderung der Frequenz eines <span data-wikipedia-preview=\"\" data-wp-title=\"Tr\u00e4ger (Nachrichtentechnik)\" data-wp-lang=\"de\" class=\"wmf-wp-with-preview\">Tr\u00e4gersignals<\/span> mithilfe eines <span data-wikipedia-preview=\"\" data-wp-title=\"Modulation (Technik)\" data-wp-lang=\"de\" class=\"wmf-wp-with-preview\">Modulationssignals<\/span>. Hier ist eine detaillierte Erkl\u00e4rung zusammen mit Diagrammen, um die Konzepte zu verdeutlichen.<\/p>\n\n\n\n<!--more-->\n\n\n\n<h5 class=\"wp-block-heading\"><strong>1. Tr\u00e4gersignal und Modulationssignal:<\/strong><\/h5>\n\n\n\n<ul class=\"wp-block-list\">\n<li>Das Tr\u00e4gersignal ist unsere Grundschwingung und wird oft als Sinuswelle dargestellt. Es repr\u00e4sentiert den Grundton unseres Klangs.<\/li>\n\n\n\n<li>Das Modulationssignal, auch als Modulator bezeichnet, ist ebenfalls eine Sinuswelle. Es beeinflusst die Frequenz des Tr\u00e4gersignals.<\/li>\n<\/ul>\n\n\n\n<h5 class=\"wp-block-heading\"><strong>Diagramm 1: Tr\u00e4gersignal und Modulationssignal<\/strong><\/h5>\n\n\n\n<pre class=\"wp-block-code\"><code>       |\nTr\u00e4ger |\n       |   ____\n       |  \/    \\\n       | \/      \\\n       |\/        \\     Modulator\n       +----------------------\n          Zeitachse\n<\/code><\/pre>\n\n\n\n<p>In diesem Diagramm sehen Sie das Tr\u00e4gersignal und das Modulationssignal auf der Zeitachse. Der <span data-wikipedia-preview=\"\" data-wp-title=\"Modulator\" data-wp-lang=\"de\" class=\"wmf-wp-with-preview\">Modulator<\/span> beeinflusst die <span data-wikipedia-preview=\"\" data-wp-title=\"Amplitude\" data-wp-lang=\"de\" class=\"wmf-wp-with-preview\">Amplitude<\/span> des Tr\u00e4gersignals.<\/p>\n\n\n\n<h5 class=\"wp-block-heading\"><strong>2. Frequenzmodulation:<\/strong><\/h5>\n\n\n\n<ul class=\"wp-block-list\">\n<li>Die <span data-wikipedia-preview=\"\" data-wp-title=\"Frequenz\" data-wp-lang=\"de\" class=\"wmf-wp-with-preview\">Frequenz<\/span> des Tr\u00e4gersignals \u00e4ndert sich in Abh\u00e4ngigkeit von der Amplitude des Modulators. Wenn die Amplitude des <span data-wikipedia-preview=\"\" data-wp-title=\"Modulator\" data-wp-lang=\"de\" class=\"wmf-wp-with-preview\">Modulators<\/span> steigt, erh\u00f6ht sich die Frequenz des Tr\u00e4gersignals, und wenn die Amplitude abnimmt, verringert sich die Frequenz des Tr\u00e4gersignals.<\/li>\n<\/ul>\n\n\n\n<h5 class=\"wp-block-heading\"><strong>Diagramm 2: Frequenzmodulation<\/strong><\/h5>\n\n\n\n<pre class=\"wp-block-code\"><code>  Frequenz\n     ^\n     |     __\/\\\n     |    \/    \\_____\n     |   \/            \\\n     |  \/              \\   Klang\n     +--|-----------------------------&gt; Zeitachse\n<\/code><\/pre>\n\n\n\n<p>Dieses Diagramm zeigt, wie die Frequenz des Tr\u00e4gersignals durch die Amplitude des Modulators ver\u00e4ndert wird. Eine steigende Amplitude f\u00fchrt zu einer h\u00f6heren Frequenz, w\u00e4hrend eine sinkende Amplitude zu einer niedrigeren Frequenz f\u00fchrt.<\/p>\n\n\n\n<h5 class=\"wp-block-heading\"><strong>Beispiel 1: Einfache FM-Synthesizer-Konfiguration<\/strong><\/h5>\n\n\n\n<p>In dieser grundlegenden Konfiguration verwenden wir nur einen Tr\u00e4ger und einen Modulator.<\/p>\n\n\n\n<ol class=\"wp-block-list\">\n<li><strong>Tr\u00e4ger (Carrier)<\/strong>:\n<ul class=\"wp-block-list\">\n<li>Ein Sinuswellen-Oszillator, der den Grundton erzeugt.<\/li>\n\n\n\n<li>Die Ausgangsschwingung des Tr\u00e4gers wird in den Verst\u00e4rker und dann in den Lautsprecher oder das Aufnahmeger\u00e4t geleitet.<\/li>\n<\/ul>\n<\/li>\n\n\n\n<li><strong>Modulator<\/strong>:\n<ul class=\"wp-block-list\">\n<li>Ein weiterer Sinuswellen-Oszillator.<\/li>\n\n\n\n<li>Der Ausgang des Modulators wird mit dem Eingang des Tr\u00e4gers verbunden, um die Frequenz des Tr\u00e4gersignals zu beeinflussen.<\/li>\n\n\n\n<li>Die Amplitude des Modulators wird normalerweise durch eine H\u00fcllkurve (z. B. <span data-wikipedia-preview=\"\" data-wp-title=\"ADSR\" data-wp-lang=\"de\" class=\"wmf-wp-with-preview\">ADSR<\/span>) gesteuert, um die Intensit\u00e4t der Modulation zu steuern.<\/li>\n<\/ul>\n<\/li>\n<\/ol>\n\n\n\n<h5 class=\"wp-block-heading\"><strong>Diagramm 1: Verkabelung der einfachen FM-Synthesizer-Konfiguration<\/strong><\/h5>\n\n\n\n<pre class=\"wp-block-code\"><code>     Modulator   Tr\u00e4ger\n     +-------+   +-------+\n     |       |   |       |\n     |  Sin  |   |  Sin  |\n     |       |   |       |\n     |       |   |       |\n     |       |   |       |\n     +-------+   +-------+\n       |           |\n       +-----------+\n         Modulation\n<\/code><\/pre>\n\n\n\n<h5 class=\"wp-block-heading\"><strong>Beispiel 2: Mehrstufige FM-Synthesizer-Konfiguration<\/strong><\/h5>\n\n\n\n<p>In komplexeren Synthesizern k\u00f6nnen Sie mehrere Modulatoren und Tr\u00e4ger miteinander verbinden, um komplexere Kl\u00e4nge zu erzeugen.<\/p>\n\n\n\n<ol class=\"wp-block-list\">\n<li><strong>Tr\u00e4ger (Carrier)<\/strong>:\n<ul class=\"wp-block-list\">\n<li>Ein Sinuswellen-Oszillator als Grundton.<\/li>\n\n\n\n<li>Der Tr\u00e4ger kann in einen Verst\u00e4rker und dann in den Hauptlautsprecher oder andere Effekte gehen.<\/li>\n<\/ul>\n<\/li>\n\n\n\n<li><strong>Modulator 1<\/strong>:\n<ul class=\"wp-block-list\">\n<li>Ein Sinuswellen-Oszillator, der den Tr\u00e4ger moduliert.<\/li>\n\n\n\n<li>Der Ausgang von Modulator 1 wird an den Eingang des Tr\u00e4gers angeschlossen.<\/li>\n<\/ul>\n<\/li>\n\n\n\n<li><strong>Modulator 2<\/strong>:\n<ul class=\"wp-block-list\">\n<li>Ein weiterer Sinuswellen-Oszillator, der Modulator 1 moduliert oder zus\u00e4tzlich den Tr\u00e4ger beeinflusst.<\/li>\n<\/ul>\n<\/li>\n<\/ol>\n\n\n\n<h5 class=\"wp-block-heading\"><strong>Diagramm 2: Verkabelung der mehrstufigen FM-Synthesizer-Konfiguration<\/strong><\/h5>\n\n\n\n<pre class=\"wp-block-code\"><code>     Modulator 1  Tr\u00e4ger\n     +-------+   +-------+\n     |       |   |       |\n     |  Sin  |   |  Sin  |\n     |       |   |       |\n     |       |   |       |\n     |       |   |       |\n     +-------+   +-------+\n         |           |\n         +-----------+\n           Modulation\n\n                  Modulator 2\n     +-------+\n     |       |\n     |  Sin  |\n     |       |\n     |       |\n     |       |\n     +-------+\n         |\n         +---------------+\n                         |\n                         v\n                   Weitere Modulation\n<\/code><\/pre>\n\n\n\n<p>Diese Konfigurationen bieten eine Vielzahl von Klangm\u00f6glichkeiten, da die Modulationen miteinander interagieren und komplexe Klangver\u00e4nderungen erzeugen k\u00f6nnen. Sie k\u00f6nnen die Frequenzen, Amplituden und H\u00fcllkurven der Oszillatoren anpassen, um verschiedene Klangfarben zu erzeugen. FM-Synthese wurde bekannt durch den <span data-wikipedia-preview=\"\" data-wp-title=\"Yamaha DX7\" data-wp-lang=\"de\" class=\"wmf-wp-with-preview\">Yamaha DX7<\/span> und erm\u00f6glicht die Erzeugung einer breiten Palette von Kl\u00e4ngen, von klaren Glockenkl\u00e4ngen bis hin zu komplexen und metallischen T\u00f6nen.<\/p>\n\n\n\n<h5 class=\"wp-block-heading\"><strong>Variation 1: Feedback-Modulation<\/strong><\/h5>\n\n\n\n<p>In FM-Synthesizern k\u00f6nnen Sie Feedback-Modulation verwenden, bei der ein Operator auf sich selbst zur\u00fcckgef\u00fchrt wird. Das erzeugt zus\u00e4tzliche harmonische Obert\u00f6ne und komplexe Klangtexturen.<\/p>\n\n\n\n<pre class=\"wp-block-code\"><code>            +-------+\n            |       |\nModulator 1 |  Sin  |  Feedback\n            |       |\n            |       |\n            |       |\n            +-------+\n               |\n               +-----------+\n                 Modulation<\/code><\/pre>\n\n\n\n<h5 class=\"wp-block-heading\">Variation 2: Mehrere Modulatoren f\u00fcr denselben Tr\u00e4ger<\/h5>\n\n\n\n<p>Sie k\u00f6nnen denselben Tr\u00e4ger mit mehreren Modulatoren modulieren, um die Klangtextur zu variieren.<\/p>\n\n\n\n<pre class=\"wp-block-code\"><code>            +-------+\n            |       |\nModulator 1 |  Sin  |   +-------+\n            |       |   |       |\n            |       |   |  Sin  |\n            |       |   |       |\n            +-------+   |       |\n               |        +-------+\n               +-----------+\n                 Modulation<\/code><\/pre>\n\n\n\n<h5 class=\"wp-block-heading\"><strong>Variation 3: Kreuzmodulation<\/strong><\/h5>\n\n\n\n<p>Mit <span data-wikipedia-preview=\"\" data-wp-title=\"Kreuzmodulation\" data-wp-lang=\"de\" class=\"wmf-wp-with-preview\">Kreuzmodulation<\/span> k\u00f6nnen Modulatoren auch andere Modulatoren beeinflussen.<\/p>\n\n\n\n<pre class=\"wp-block-code\"><code>            +-------+\n            |       |\nModulator 1 |  Sin  |     +-------+\n            |       |     |       |\n            |       |     |  Sin  |\n            |       |     |       |\n            +-------+     |       |\n               |          |       |\n               +--------- +-------+\n                 Modulation<\/code><\/pre>\n\n\n\n<h5 class=\"wp-block-heading\"><strong>Variation 4: Modulationsverzweigung<\/strong><\/h5>\n\n\n\n<p>Hier werden verschiedene Modulatoren f\u00fcr verschiedene Tr\u00e4ger eingesetzt.<\/p>\n\n\n\n<pre class=\"wp-block-code\"><code>            +-------+     +-------+\n            |       |     |       |\nModulator 1 |  Sin  |     |  Sin  |  Tr\u00e4ger 1\n            |       |     |       |\n            |       |     |       |\n            +-------+     +-------+\n                |           |\n                +-----------+\n                 Modulation\n\n            +-------+\n            |       |\nModulator 2 |  Sin  |     +-------+\n            |       |     |       |\n            |       |     |  Sin  |  Tr\u00e4ger 2\n            |       |     |       |\n            +-------+     +-------+\n                |           |\n                +-----------+\n                 Modulation<\/code><\/pre>\n\n\n\n<h5 class=\"wp-block-heading\" id=\"FM-Synthese\"><strong>Einfache Erkl\u00e4rung:<\/strong><\/h5>\n\n\n\n<ul class=\"wp-block-list\">\n<li><strong>Modulator<\/strong>: Ein Modulator ist wie Ihre Hand, die den Gummischlauch einer Gartenschlauchpistole zusammendr\u00fcckt. Je mehr Sie dr\u00fccken (Amplitude), desto schneller flie\u00dft das Wasser (Frequenz).<\/li>\n\n\n\n<li><strong>Tr\u00e4ger<\/strong>: Der Tr\u00e4ger ist der Gartenschlauch selbst. Die Frequenz des Wassers (Tonh\u00f6he) \u00e4ndert sich, wenn der Schlauch zusammengedr\u00fcckt wird.<\/li>\n\n\n\n<li><strong>Feedback<\/strong>: Mit Feedback biegen Sie den Schlauch zur\u00fcck auf sich selbst, wodurch der Wasserfluss (Klang) komplexer wird.<\/li>\n\n\n\n<li><strong>Kreuzmodulation<\/strong>: Wenn Sie zwei Schl\u00e4uche ineinanderstecken und dr\u00fccken, beeinflussen sie sich gegenseitig.<\/li>\n\n\n\n<li><strong>Modulationsverzweigung<\/strong>: Hier haben Sie mehrere Schlauchpistolen (Tr\u00e4ger) und verschiedene H\u00e4nde (Modulatoren), die auf verschiedene Weisen die Wassergeschwindigkeit \u00e4ndern, um verschiedene Kl\u00e4nge zu erzeugen.<\/li>\n<\/ul>\n\n\n\n<p>FM-Synthese kann eine Welt klanglicher Vielfalt er\u00f6ffnen, indem sie diese einfachen Konzepte in vielf\u00e4ltiger Weise anwendet.<\/p>\n\n\n\n<h5 class=\"wp-block-heading\">Hier geht es zur Porbe Podcast Folge<\/h5>\n\n\n\n            <div class=\"podlove-web-player intrinsic-ignore podlove-web-player-loading\" id=\"player-69f1a95f208e8\"><root data-test=\"player--xl\" style=\"max-width:950px;min-width:260px;\">\n  <div class=\"tablet:px-6 tablet:pt-6 mobile:px-4 mobile:pt-4 flex flex-col\">\n    <div class=\"flex-col items-center mobile:flex tablet:hidden\">\n      <show-title class=\"text-sm\"><\/show-title>\n      <episode-title class=\"text-base mb-2\"><\/episode-title>\n      <subscribe-button class=\"mb-4 mobile:flex tablet:hidden\"><\/subscribe-button>\n      <poster class=\"rounded-sm w-48 shadow overflow-hidden\"><\/poster>\n      <divider class=\"w-full my-6\"><\/divider>\n    <\/div>\n\n    <div class=\"tablet:flex flex-grow\">\n      <div class=\"w-64 mobile:hidden tablet:block tablet:mr-6\">\n        <poster class=\"rounded-sm shadow overflow-hidden\"><\/poster>\n      <\/div>\n      <div class=\"w-full\">\n        <div class=\"hidden tablet:block\">\n          <show-title class=\"text-base\"><\/show-title>\n          <episode-title class=\"text-xl desktop:text-2xl\"><\/episode-title>\n          <divider class=\"w-full my-4\"><\/divider>\n        <\/div>\n        <div class=\"flex items-center justify-between\">\n          <div class=\"block\">\n            <play-state on=\"active\">\n              <speed-control class=\"flex items-center\"><\/speed-control>\n            <\/play-state>\n          <\/div>\n\n          <div class=\"flex\">\n            <play-state on=\"active\">\n              <chapter-previous class=\"mx-2 block\"><\/chapter-previous>\n            <\/play-state>\n            <play-state on=\"active\">\n              <step-backward class=\"mx-2 block\"><\/step-backward>\n            <\/play-state>\n\n            <play-button class=\"mx-2 block\" :label=\"$t('PLAYER.PLAY_EPISODE')\"><\/play-button>\n\n            <play-state on=\"active\">\n              <step-forward class=\"mx-2 block\"><\/step-forward>\n            <\/play-state>\n            <play-state on=\"active\">\n              <chapter-next class=\"mx-2 block\"><\/chapter-next>\n            <\/play-state>\n          <\/div>\n\n          <div class=\"block\">\n            <play-state on=\"active\">\n              <volume-control class=\"flex items-center\"><\/volume-control>\n            <\/play-state>\n          <\/div>\n        <\/div>\n        <div class=\"flex w-full\">\n          <progress-bar><\/progress-bar>\n        <\/div>\n        <div class=\"flex w-full -mt-2\">\n          <div class=\"w-3\/12 text-left\">\n            <timer-current class=\"text-sm\"><\/timer-current>\n          <\/div>\n          <div class=\"w-6\/12 text-center truncate\">\n            <play-state on=\"active\">\n              <current-chapter class=\"text-sm\"><\/current-chapter>\n            <\/play-state>\n          <\/div>\n          <div class=\"w-3\/12 text-right\">\n            <timer-duration class=\"text-sm\"><\/timer-duration>\n          <\/div>\n        <\/div>\n      <\/div>\n    <\/div>\n    <divider class=\"w-full mt-6 mb-3\"><\/divider>\n    <div class=\"flex justify-between\">\n      <div class=\"flex mobile:w-full tablet:w-3\/12 desktop:w-3\/12 justify-between\">\n        <tab-trigger tab=\"chapters\">\n          <icon type=\"chapter\"><\/icon>\n        <\/tab-trigger>\n        <tab-trigger tab=\"transcripts\">\n          <icon type=\"transcripts\"><\/icon>\n        <\/tab-trigger>\n        <tab-trigger tab=\"files\">\n          <icon type=\"download\"><\/icon>\n        <\/tab-trigger>\n        <tab-trigger tab=\"playlist\">\n          <icon type=\"playlist\"><\/icon>\n        <\/tab-trigger>\n        <tab-trigger tab=\"share\">\n          <icon type=\"share\"><\/icon>\n        <\/tab-trigger>\n      <\/div>\n      <subscribe-button class=\"mt-1 mobile:hidden tablet:flex\"><\/subscribe-button>\n    <\/div>\n  <\/div>\n  <div class=\"w-full relative overflow-hidden\">\n    <tab name=\"chapters\">\n      <tab-chapters><\/tab-chapters>\n    <\/tab>\n    <tab name=\"transcripts\">\n      <tab-transcripts><\/tab-transcripts>\n    <\/tab>\n    <tab name=\"files\">\n      <tab-files><\/tab-files>\n    <\/tab>\n    <tab name=\"playlist\">\n      <tab-playlist><\/tab-playlist>\n    <\/tab>\n    <tab name=\"share\">\n      <tab-share><\/tab-share>\n    <\/tab>\n    <tab-overflow><\/tab-overflow>\n  <\/div>\n  <error><\/error>\n<\/root>\n<\/div>\n            <script>\n              document.addEventListener(\"DOMContentLoaded\", function() {\n                var player = document.getElementById(\"player-69f1a95f208e8\");\n                podlovePlayerCache.add([{\"url\":\"https:\\\/\\\/lautfunk.uber.space\\\/probepodcast\\\/wp-json\\\/podlove-web-player\\\/shortcode\\\/publisher\\\/1905\",\"data\":{\"version\":5,\"show\":{\"title\":\"Probe Podcast\",\"subtitle\":\"Beim lockeren Talk aus dem Proberaum\",\"summary\":\"Im Probe Podcast treffen sich leidenschaftliche Musiker in ihrem Home Studio, um \\u00fcber die neuesten Entwicklungen in der Studio-Technik und Software zu sprechen. Doch keine Sorge, es geht nicht nur um trockene Technikdetails. Im Mittelpunkt stehen auch spannende Anekdoten und Geschichten, die das Ganze auflockern und unterhaltsam machen.\\r\\n\\r\\nDie Gastgeber teilen ihre pers\\u00f6nlichen Erfahrungen, tauschen sich aus und widmen sich der Musik, die sie lieben. Ob es um die Suche nach dem perfekten Sound geht, um Tipps und Tricks f\\u00fcr das Home Studio oder um inspirierende musikalische Entdeckungen \\u2013 im Probe Podcast dreht sich alles um die Welt der Musik.\\r\\n\\r\\nSchalte ein und lass dich von den lockeren Talks aus dem Home Studio mitrei\\u00dfen. Hier ist Platz f\\u00fcr Musikbegeisterte, Hobbyproduzenten und alle, die mehr \\u00fcber die Musikindustrie erfahren m\\u00f6chten. Gemeinsam rocken wir das Home Studio und lassen uns von der kreativen Energie der Musik inspirieren.\",\"poster\":\"https:\\\/\\\/lautfunk.uber.space\\\/probepodcast\\\/podlove\\\/image\\\/68747470733a2f2f6c61757466756e6b2e756265722e73706163652f70726f6265706f64636173742f77702d636f6e74656e742f75706c6f6164732f73697465732f332f323031382f30352f50726f62652d506f644361737467726f73732d4e65752e6a7067\\\/500\\\/0\\\/0\\\/probe-podcast\",\"link\":\"https:\\\/\\\/lautfunk.uber.space\\\/probepodcast\\\/\"},\"title\":\"Probe Podcast 63 Syntheseformen, Teil 4 - FM\",\"subtitle\":\"Syntheseformen erkl\\u00e4rt - Teil 4: FM\",\"summary\":\"Der n\\u00e4chste Teil unserer Reihe \\u00fcber Syntheseformen. Ohne Tobi, daf\\u00fcr mit jeder Menge Hands-on - Soundbeispielen wird detailliert die Frequenzmodulation-Synthese erl\\u00e4utert. Funktionsprinzip, Artverwandtes, Urspr\\u00fcnge, Vergangenheit und wie es aktuell so aussieht auf dem Ger\\u00e4temarkt.\",\"publicationDate\":\"2023-10-23T10:31:00+02:00\",\"duration\":\"00:59:41.640\",\"poster\":\"https:\\\/\\\/lautfunk.uber.space\\\/probepodcast\\\/podlove\\\/image\\\/68747470733a2f2f6c61757466756e6b2e756265722e73706163652f70726f6265706f64636173742f77702d636f6e74656e742f75706c6f6164732f73697465732f332f323032332f31302f50726f62652d506f64436173742d3036332e6a7067\\\/500\\\/0\\\/0\\\/syntheseformen-teil-4-fm\",\"link\":\"https:\\\/\\\/lautfunk.uber.space\\\/probepodcast\\\/probe-podcast-63-fm-synthese\\\/\",\"chapters\":[{\"start\":\"00:00:00.000\",\"title\":\"Intro\",\"href\":\"\",\"image\":\"\"},{\"start\":\"00:00:26.555\",\"title\":\"Begr\\u00fc\\u00dfung\",\"href\":\"\",\"image\":\"\"},{\"start\":\"00:03:41.761\",\"title\":\"Doch keine Neuigkeit\",\"href\":\"\",\"image\":\"\"},{\"start\":\"00:04:11.361\",\"title\":\"Jetzt FM Synthese\",\"href\":\"\",\"image\":\"\"},{\"start\":\"00:41:27.758\",\"title\":\"Machen wir noch etwas Musik (FM Lastig)\",\"href\":\"\",\"image\":\"\"},{\"start\":\"00:55:47.846\",\"title\":\"Wir sind am ende\",\"href\":\"\",\"image\":\"\"},{\"start\":\"00:56:26.077\",\"title\":\"Verabschiedung\",\"href\":\"\",\"image\":\"\"},{\"start\":\"00:56:52.784\",\"title\":\"Bonus Sounds\",\"href\":\"\",\"image\":\"\"},{\"start\":\"00:59:15.055\",\"title\":\"Outro\",\"href\":\"\",\"image\":\"\"}],\"audio\":[{\"url\":\"https:\\\/\\\/op3.dev\\\/e\\\/lautfunk.uber.space\\\/probepodcast\\\/podlove\\\/file\\\/306\\\/s\\\/webplayer\\\/c\\\/website\\\/ProbePodcast63.m4a\",\"size\":\"29754812\",\"title\":\"MPEG-4 AAC Audio (m4a)\",\"mimeType\":\"audio\\\/mp4\"},{\"url\":\"https:\\\/\\\/op3.dev\\\/e\\\/lautfunk.uber.space\\\/probepodcast\\\/podlove\\\/file\\\/304\\\/s\\\/webplayer\\\/c\\\/website\\\/ProbePodcast63.mp3\",\"size\":\"58073182\",\"title\":\"MP3 Audio (mp3)\",\"mimeType\":\"audio\\\/mpeg\"}],\"files\":[{\"url\":\"https:\\\/\\\/op3.dev\\\/e\\\/lautfunk.uber.space\\\/probepodcast\\\/podlove\\\/file\\\/304\\\/s\\\/webplayer\\\/ProbePodcast63.mp3\",\"size\":\"58073182\",\"title\":\"MP3 Audio\",\"mimeType\":\"audio\\\/mpeg\"},{\"url\":\"https:\\\/\\\/op3.dev\\\/e\\\/lautfunk.uber.space\\\/probepodcast\\\/podlove\\\/file\\\/306\\\/s\\\/webplayer\\\/ProbePodcast63.m4a\",\"size\":\"29754812\",\"title\":\"MPEG-4 AAC Audio\",\"mimeType\":\"audio\\\/mp4\"}],\"contributors\":[{\"id\":\"5\",\"name\":\"Notstrom\",\"avatar\":\"https:\\\/\\\/lautfunk.uber.space\\\/probepodcast\\\/podlove\\\/image\\\/68747470733a2f2f6c61757466756e6b2e756265722e73706163652f70726f6265706f64636173742f77702d636f6e74656e742f75706c6f6164732f73697465732f332f323032322f30372f303032323439373633395f32312e6a7067\\\/150\\\/150\\\/0\\\/notstrom\",\"role\":{\"id\":\"2\",\"slug\":\"Mod\",\"title\":\"Moderator\"},\"group\":{\"id\":\"1\",\"slug\":\"Mod\",\"title\":\"Moderator\"},\"comment\":null},{\"id\":\"1\",\"name\":\"Sascha\",\"avatar\":\"https:\\\/\\\/lautfunk.uber.space\\\/probepodcast\\\/wp-content\\\/cache\\\/podlove\\\/1a\\\/fffe1a67b3a6480db6c3d8862d97fc\\\/sascha_150x150.jpg\",\"role\":{\"id\":\"2\",\"slug\":\"Mod\",\"title\":\"Moderator\"},\"group\":{\"id\":\"1\",\"slug\":\"Mod\",\"title\":\"Moderator\"},\"comment\":null}],\"transcripts\":\"https:\\\/\\\/lautfunk.uber.space\\\/probepodcast\\\/probe-podcast-63-fm-synthese\\\/?podlove_transcript=json\"}}, {\"url\":\"https:\\\/\\\/lautfunk.uber.space\\\/probepodcast\\\/wp-json\\\/podlove-web-player\\\/shortcode\\\/config\\\/probe\\\/theme\\\/probe\",\"data\":{\"activeTab\":null,\"subscribe-button\":{\"feed\":\"https:\\\/\\\/lautfunk.uber.space\\\/probepodcast\\\/feed\\\/mp3\\\/\",\"clients\":[{\"id\":\"podcast-addict\",\"service\":null},{\"id\":\"deezer\",\"service\":\"2727142\"},{\"id\":\"spotify\",\"service\":\"1zgXpuvhmweJZvulACOYJ3\"},{\"id\":\"google-podcasts\",\"service\":\"https:\\\/\\\/lautfunk.uber.space\\\/probepodcast\\\/feed\\\/mp3\\\/\"},{\"id\":\"antenna-pod\",\"service\":null},{\"id\":\"clementine\",\"service\":null},{\"id\":\"apple-podcasts\",\"service\":\"id1407181264\"},{\"id\":\"rss\",\"service\":null}]},\"share\":{\"channels\":[\"facebook\",\"twitter\",\"whats-app\",\"linkedin\",\"pinterest\",\"xing\",\"mail\",\"link\"],\"outlet\":\"https:\\\/\\\/cdn.podlove.org\\\/web-player\\\/5.x\\\/share.html\",\"sharePlaytime\":true},\"related-episodes\":{\"source\":\"podcast\",\"value\":null},\"version\":5,\"playlist\":\"https:\\\/\\\/lautfunk.uber.space\\\/probepodcast\\\/wp-json\\\/podlove-web-player\\\/shortcode\\\/podcast\",\"theme\":{\"tokens\":{\"brand\":\"#282828\",\"brandDark\":\"#282828\",\"brandDarkest\":\"#000000\",\"brandLightest\":\"#F4F5F5\",\"shadeDark\":\"#807E7C\",\"shadeBase\":\"#807E7C\",\"contrast\":\"#000\",\"alt\":\"#fff\"},\"fonts\":{\"ci\":{\"name\":\"ci\",\"family\":[\"-apple-system\",\"BlinkMacSystemFont\",\"Segoe UI\",\"Roboto\",\"Helvetica\",\"Arial\",\"sans-serif\",\"Apple Color Emoji\",\"Segoe UI Emoji\\\", \\\"Segoe UI Symbol\"],\"src\":[],\"weight\":800},\"regular\":{\"name\":\"regular\",\"family\":[\"-apple-system\",\"BlinkMacSystemFont\",\"Segoe UI\",\"Roboto\",\"Helvetica\",\"Arial\",\"sans-serif\",\"Apple Color Emoji\",\"Segoe UI Emoji\\\", \\\"Segoe UI Symbol\"],\"src\":[],\"weight\":300},\"bold\":{\"name\":\"bold\",\"family\":[\"-apple-system\",\"BlinkMacSystemFont\",\"Segoe UI\",\"Roboto\",\"Helvetica\",\"Arial\",\"sans-serif\",\"Apple Color Emoji\",\"Segoe UI Emoji\\\", \\\"Segoe UI Symbol\"],\"src\":[],\"weight\":700}}},\"base\":\"https:\\\/\\\/cdn.podlove.org\\\/web-player\\\/5.x\\\/\"}}]);\n                podlovePlayer(player, \"https:\/\/lautfunk.uber.space\/probepodcast\/wp-json\/podlove-web-player\/shortcode\/publisher\/1905\", \"https:\/\/lautfunk.uber.space\/probepodcast\/wp-json\/podlove-web-player\/shortcode\/config\/probe\/theme\/probe\").then(function() {\n                  player && player.classList.remove(\"podlove-web-player-loading\");\n                });\n              });\n            <\/script>\n            <style>\n              .podlove-web-player.podlove-web-player-loading {\n                opacity: 0;\n              }\n            <\/style>\n        \n\n\n<h2 class=\"wp-block-heading\">\ud83d\udcda Weiterf\u00fchrende Literatur auf Amazon (Affiliate-Links)<\/h2>\n\n\n\n<h3 class=\"wp-block-heading\">\ud83c\udf9b Fachb\u00fccher &amp; Tutorials<\/h3>\n\n\n\n<ul class=\"wp-block-list\">\n<li><strong><a href=\"https:\/\/amzn.to\/4jdqHg5\" target=\"_blank\" rel=\"noreferrer noopener\">FM Theory and Applications: By Musicians for Musicians<\/a><\/strong><br>Ein Klassiker, der die FM-Synthese praxisnah erkl\u00e4rt. Ideal f\u00fcr Musiker, die tiefer in die Materie einsteigen m\u00f6chten.<\/li>\n\n\n\n<li><strong><a href=\"https:\/\/amzn.to\/4kcWOxK\" target=\"_blank\" rel=\"noreferrer noopener\">How to Make a Noise: Frequency Modulation Synthesis<\/a><\/strong><br>Ein umfassender Leitfaden zur FM-Synthese mit praktischen Beispielen und Anleitungen f\u00fcr eigene Klangexperimente.<\/li>\n\n\n\n<li><strong><a href=\"https:\/\/amzn.to\/4krJMfL\" target=\"_blank\" rel=\"noreferrer noopener\">Essentials of Analog and FM Synthesis (Sound Design for Electronic Music)<\/a><\/strong><br>Dieses Buch bietet einen \u00dcberblick \u00fcber analoge und FM-Synthese und ist besonders f\u00fcr Einsteiger geeignet.<\/li>\n<\/ul>\n\n\n\n<h3 class=\"wp-block-heading\">\ud83c\udfb9 Erfahrungsberichte &amp; Praxisbeispiele<\/h3>\n\n\n\n<ul class=\"wp-block-list\">\n<li><strong><a href=\"https:\/\/amzn.to\/43zCH78\" target=\"_blank\" rel=\"noreferrer noopener\">The DX Story: FM Synthesis \u2013 the magic formula for the sound of the 80s (German Edition)<\/a><\/strong><br>Ein spannender R\u00fcckblick auf die Geschichte der FM-Synthese und des Yamaha DX7, mit vielen Hintergrundinformationen und Anekdoten.<\/li>\n\n\n\n<li><strong><a href=\"https:\/\/amzn.to\/4muvXz5\" target=\"_blank\" rel=\"noreferrer noopener\">Creating Sounds from Scratch: A Practical Guide to Music Synthesis<\/a><\/strong><br>Ein praxisorientiertes Buch, das verschiedene Synthesemethoden, einschlie\u00dflich FM-Synthese, behandelt und kreative Ans\u00e4tze f\u00fcr Sounddesign bietet.<\/li>\n<\/ul>\n\n\n\n<hr class=\"wp-block-separator has-alpha-channel-opacity\"\/>\n\n\n\n<p><em>Hinweis: Die oben genannten Links sind Amazon-Affiliate. Beim Kauf \u00fcber diese Links erh\u00e4lt der Betreiber eine kleine Provision, ohne dass f\u00fcr dich zus\u00e4tzliche Kosten entstehen.<\/em><\/p>\n\n\n\n<p><\/p>\n<div class=\"syndication-links\"><\/div>","protected":false},"excerpt":{"rendered":"<p>&#8222;Entdecke die faszinierende Welt der FM-Synthese: von klaren Glockenkl\u00e4ngen bis hin zu komplexen, klangvollen Texturen. Tauche ein in die Musikproduktion und kreiere einzigartige Kl\u00e4nge mit Leichtigkeit.&#8220;<\/p>\n","protected":false},"author":2,"featured_media":1909,"comment_status":"open","ping_status":"open","sticky":false,"template":"","format":"standard","meta":{"wikipediapreview_detectlinks":true,"wprm-recipe-roundup-name":"","wprm-recipe-roundup-description":"","mf2_syndication":[],"webmentions_disabled_pings":false,"webmentions_disabled":false,"_jetpack_memberships_contains_paid_content":false,"activitypub_content_warning":"","activitypub_content_visibility":"","activitypub_max_image_attachments":4,"activitypub_interaction_policy_quote":"anyone","activitypub_status":"federate","footnotes":"","jetpack_publicize_message":"Ein neuer Blogbeitrag ist online.\n\nFrequenzmodulation Synthese: Was ist die FM-Synthese\n\n\"FM-Synthese: Erzeugen Sie einzigartige Kl\u00e4nge, von Glockenkl\u00e4ngen bis zu komplexen Texturen. Entdecken Sie die Welt der FM Klangsynthese\"","jetpack_publicize_feature_enabled":true,"jetpack_social_post_already_shared":true,"jetpack_social_options":{"image_generator_settings":{"template":"highway","default_image_id":0,"font":"","enabled":false},"version":2}},"categories":[594,592,734],"tags":[465,590,553,591,589,588,513,552,158,68],"class_list":["post-1907","post","type-post","status-publish","format-standard","has-post-thumbnail","hentry","category-blog","category-synthese-formen","category-was-ist-das","tag-elektronischemusik","tag-fmklaenge","tag-innovation","tag-klangmodulation","tag-klangvielfalt","tag-musikerkreation","tag-musikinstrumente","tag-musiktechnologie","tag-sounddesign","tag-synthesizer"],"yoast_head":"<!-- This site is optimized with the Yoast SEO plugin v27.5 - https:\/\/yoast.com\/product\/yoast-seo-wordpress\/ -->\n<title>Frequenzmodulation Synthese: Was ist die FM-Synthese - Probe Podcast<\/title>\n<meta name=\"description\" content=\"Entdecken Sie die faszinierende Welt der FM-Synthese: Von klaren Glockenkl\u00e4ngen bis hin zu komplexen, klangvollen Texturen.\" \/>\n<meta name=\"robots\" content=\"index, follow, max-snippet:-1, max-image-preview:large, max-video-preview:-1\" \/>\n<link rel=\"canonical\" href=\"https:\/\/lautfunk.uber.space\/probepodcast\/frequenzmodulation-synthese-was-ist-die-fm-synthese\/\" \/>\n<meta property=\"og:locale\" content=\"de_DE\" \/>\n<meta property=\"og:type\" content=\"article\" \/>\n<meta property=\"og:title\" content=\"Frequenzmodulation Synthese: Was ist die FM-Synthese - Probe Podcast\" \/>\n<meta property=\"og:description\" content=\"Entdecken Sie die faszinierende Welt der FM-Synthese: Von klaren Glockenkl\u00e4ngen bis hin zu komplexen, klangvollen Texturen.\" \/>\n<meta property=\"og:url\" content=\"https:\/\/lautfunk.uber.space\/probepodcast\/frequenzmodulation-synthese-was-ist-die-fm-synthese\/\" \/>\n<meta property=\"og:site_name\" content=\"Probe Podcast\" \/>\n<meta property=\"article:publisher\" content=\"https:\/\/www.facebook.com\/sascha.markmann\" \/>\n<meta property=\"article:author\" content=\"https:\/\/www.facebook.com\/sascha.markmann\" \/>\n<meta property=\"article:published_time\" content=\"2023-10-23T08:31:00+00:00\" \/>\n<meta property=\"article:modified_time\" content=\"2025-05-19T12:14:03+00:00\" \/>\n<meta property=\"og:image\" content=\"https:\/\/lautfunk.uber.space\/probepodcast\/wp-content\/uploads\/sites\/3\/2023\/10\/FM-Synthese.jpg\" \/>\n\t<meta property=\"og:image:width\" content=\"800\" \/>\n\t<meta property=\"og:image:height\" content=\"450\" \/>\n\t<meta property=\"og:image:type\" content=\"image\/jpeg\" \/>\n<meta name=\"author\" content=\"Sascha Markmann\" \/>\n<meta name=\"twitter:card\" content=\"summary_large_image\" \/>\n<meta name=\"twitter:creator\" content=\"@raumwelle\" \/>\n<meta name=\"twitter:site\" content=\"@raumwelle\" \/>\n<meta name=\"twitter:label1\" content=\"Verfasst von\" \/>\n\t<meta name=\"twitter:data1\" content=\"Sascha Markmann\" \/>\n\t<meta name=\"twitter:label2\" content=\"Gesch\u00e4tzte Lesezeit\" \/>\n\t<meta name=\"twitter:data2\" content=\"5\u00a0Minuten\" \/>\n<script type=\"application\/ld+json\" class=\"yoast-schema-graph\">{\"@context\":\"https:\\\/\\\/schema.org\",\"@graph\":[{\"@type\":\"Article\",\"@id\":\"https:\\\/\\\/lautfunk.uber.space\\\/probepodcast\\\/frequenzmodulation-synthese-was-ist-die-fm-synthese\\\/#article\",\"isPartOf\":{\"@id\":\"https:\\\/\\\/lautfunk.uber.space\\\/probepodcast\\\/frequenzmodulation-synthese-was-ist-die-fm-synthese\\\/\"},\"author\":{\"name\":\"Sascha Markmann\",\"@id\":\"https:\\\/\\\/lautfunk.uber.space\\\/probepodcast\\\/#\\\/schema\\\/person\\\/eaaaeefee57a38cbe19f97caa2a20263\"},\"headline\":\"Frequenzmodulation Synthese: Was ist die FM-Synthese\",\"datePublished\":\"2023-10-23T08:31:00+00:00\",\"dateModified\":\"2025-05-19T12:14:03+00:00\",\"mainEntityOfPage\":{\"@id\":\"https:\\\/\\\/lautfunk.uber.space\\\/probepodcast\\\/frequenzmodulation-synthese-was-ist-die-fm-synthese\\\/\"},\"wordCount\":858,\"commentCount\":0,\"publisher\":{\"@id\":\"https:\\\/\\\/lautfunk.uber.space\\\/probepodcast\\\/#\\\/schema\\\/person\\\/eaaaeefee57a38cbe19f97caa2a20263\"},\"image\":{\"@id\":\"https:\\\/\\\/lautfunk.uber.space\\\/probepodcast\\\/frequenzmodulation-synthese-was-ist-die-fm-synthese\\\/#primaryimage\"},\"thumbnailUrl\":\"https:\\\/\\\/lautfunk.uber.space\\\/probepodcast\\\/wp-content\\\/uploads\\\/sites\\\/3\\\/2023\\\/10\\\/FM-Synthese.jpg\",\"keywords\":[\"elektronischemusik\",\"FMKl\u00e4nge\",\"Innovation\",\"Klangmodulation\",\"Klangvielfalt\",\"Musikerkreation\",\"Musikinstrumente\",\"Musiktechnologie\",\"sounddesign\",\"synthesizer\"],\"articleSection\":[\"Blog\",\"Synthese Formen\",\"Was ist das?\"],\"inLanguage\":\"de\",\"potentialAction\":[{\"@type\":\"CommentAction\",\"name\":\"Comment\",\"target\":[\"https:\\\/\\\/lautfunk.uber.space\\\/probepodcast\\\/frequenzmodulation-synthese-was-ist-die-fm-synthese\\\/#respond\"]}]},{\"@type\":\"WebPage\",\"@id\":\"https:\\\/\\\/lautfunk.uber.space\\\/probepodcast\\\/frequenzmodulation-synthese-was-ist-die-fm-synthese\\\/\",\"url\":\"https:\\\/\\\/lautfunk.uber.space\\\/probepodcast\\\/frequenzmodulation-synthese-was-ist-die-fm-synthese\\\/\",\"name\":\"Frequenzmodulation Synthese: Was ist die FM-Synthese - Probe Podcast\",\"isPartOf\":{\"@id\":\"https:\\\/\\\/lautfunk.uber.space\\\/probepodcast\\\/#website\"},\"primaryImageOfPage\":{\"@id\":\"https:\\\/\\\/lautfunk.uber.space\\\/probepodcast\\\/frequenzmodulation-synthese-was-ist-die-fm-synthese\\\/#primaryimage\"},\"image\":{\"@id\":\"https:\\\/\\\/lautfunk.uber.space\\\/probepodcast\\\/frequenzmodulation-synthese-was-ist-die-fm-synthese\\\/#primaryimage\"},\"thumbnailUrl\":\"https:\\\/\\\/lautfunk.uber.space\\\/probepodcast\\\/wp-content\\\/uploads\\\/sites\\\/3\\\/2023\\\/10\\\/FM-Synthese.jpg\",\"datePublished\":\"2023-10-23T08:31:00+00:00\",\"dateModified\":\"2025-05-19T12:14:03+00:00\",\"description\":\"Entdecken Sie die faszinierende Welt der FM-Synthese: Von klaren Glockenkl\u00e4ngen bis hin zu komplexen, klangvollen Texturen.\",\"breadcrumb\":{\"@id\":\"https:\\\/\\\/lautfunk.uber.space\\\/probepodcast\\\/frequenzmodulation-synthese-was-ist-die-fm-synthese\\\/#breadcrumb\"},\"inLanguage\":\"de\",\"potentialAction\":[{\"@type\":\"ReadAction\",\"target\":[\"https:\\\/\\\/lautfunk.uber.space\\\/probepodcast\\\/frequenzmodulation-synthese-was-ist-die-fm-synthese\\\/\"]}]},{\"@type\":\"ImageObject\",\"inLanguage\":\"de\",\"@id\":\"https:\\\/\\\/lautfunk.uber.space\\\/probepodcast\\\/frequenzmodulation-synthese-was-ist-die-fm-synthese\\\/#primaryimage\",\"url\":\"https:\\\/\\\/lautfunk.uber.space\\\/probepodcast\\\/wp-content\\\/uploads\\\/sites\\\/3\\\/2023\\\/10\\\/FM-Synthese.jpg\",\"contentUrl\":\"https:\\\/\\\/lautfunk.uber.space\\\/probepodcast\\\/wp-content\\\/uploads\\\/sites\\\/3\\\/2023\\\/10\\\/FM-Synthese.jpg\",\"width\":800,\"height\":450},{\"@type\":\"BreadcrumbList\",\"@id\":\"https:\\\/\\\/lautfunk.uber.space\\\/probepodcast\\\/frequenzmodulation-synthese-was-ist-die-fm-synthese\\\/#breadcrumb\",\"itemListElement\":[{\"@type\":\"ListItem\",\"position\":1,\"name\":\"Startseite\",\"item\":\"https:\\\/\\\/lautfunk.uber.space\\\/probepodcast\\\/\"},{\"@type\":\"ListItem\",\"position\":2,\"name\":\"Frequenzmodulation Synthese: Was ist die FM-Synthese\"}]},{\"@type\":\"WebSite\",\"@id\":\"https:\\\/\\\/lautfunk.uber.space\\\/probepodcast\\\/#website\",\"url\":\"https:\\\/\\\/lautfunk.uber.space\\\/probepodcast\\\/\",\"name\":\"Probe Podcast\",\"description\":\"Der gem\u00fctliche Talk aus dem Proberaum\",\"publisher\":{\"@id\":\"https:\\\/\\\/lautfunk.uber.space\\\/probepodcast\\\/#\\\/schema\\\/person\\\/eaaaeefee57a38cbe19f97caa2a20263\"},\"alternateName\":\"SynthWave Sessions\",\"potentialAction\":[{\"@type\":\"SearchAction\",\"target\":{\"@type\":\"EntryPoint\",\"urlTemplate\":\"https:\\\/\\\/lautfunk.uber.space\\\/probepodcast\\\/?s={search_term_string}\"},\"query-input\":{\"@type\":\"PropertyValueSpecification\",\"valueRequired\":true,\"valueName\":\"search_term_string\"}}],\"inLanguage\":\"de\"},{\"@type\":[\"Person\",\"Organization\"],\"@id\":\"https:\\\/\\\/lautfunk.uber.space\\\/probepodcast\\\/#\\\/schema\\\/person\\\/eaaaeefee57a38cbe19f97caa2a20263\",\"name\":\"Sascha Markmann\",\"image\":{\"@type\":\"ImageObject\",\"inLanguage\":\"de\",\"@id\":\"https:\\\/\\\/lautfunk.uber.space\\\/probepodcast\\\/wp-content\\\/uploads\\\/sites\\\/3\\\/2018\\\/05\\\/20424197_1474132585976704_6882412338832920590_o-kleiner.jpg\",\"url\":\"https:\\\/\\\/lautfunk.uber.space\\\/probepodcast\\\/wp-content\\\/uploads\\\/sites\\\/3\\\/2018\\\/05\\\/20424197_1474132585976704_6882412338832920590_o-kleiner.jpg\",\"contentUrl\":\"https:\\\/\\\/lautfunk.uber.space\\\/probepodcast\\\/wp-content\\\/uploads\\\/sites\\\/3\\\/2018\\\/05\\\/20424197_1474132585976704_6882412338832920590_o-kleiner.jpg\",\"width\":360,\"height\":360,\"caption\":\"Sascha Markmann\"},\"logo\":{\"@id\":\"https:\\\/\\\/lautfunk.uber.space\\\/probepodcast\\\/wp-content\\\/uploads\\\/sites\\\/3\\\/2018\\\/05\\\/20424197_1474132585976704_6882412338832920590_o-kleiner.jpg\"},\"description\":\"Sascha Markmann ist ein kreativer Kopf mit bewegter Biografie: Informatiker, studierter Philosoph, Religionswissenschaftler und Psychologe \u2013 und gleichzeitig ein Mensch, der das Leben nach einem Schlaganfall ganz neu entdeckt hat. Nach Stationen als Rettungssanit\u00e4ter und Altenpfleger fand Sascha seinen Weg in die Welt des kreativen Ausdrucks: Als Blogger, Musiker, Podcaster, Philosoph und visueller Geschichtenerz\u00e4hler kombiniert er technisches Know-how mit emotionaler Tiefe und einem schr\u00e4gen Sinn f\u00fcr Humor. Seine Beitr\u00e4ge entstehen irgendwo zwischen Borderline, Acid Bassline und Beistand \u2013 ehrlich, direkt und gerne auch mal mit einem Augenzwinkern. Leitmotiv: \u201eAudiovisueller Stumpfsinn mit keinem Nutzwert \u2013 aber vielleicht genau deshalb so wertvoll.\u201c\",\"sameAs\":[\"https:\\\/\\\/lautfunk.uber.space\",\"https:\\\/\\\/www.facebook.com\\\/sascha.markmann\",\"https:\\\/\\\/www.instagram.com\\\/lautfunk\\\/\",\"https:\\\/\\\/www.linkedin.com\\\/in\\\/sascha-markmann-b46019137\\\/\",\"https:\\\/\\\/de.pinterest.com\\\/Raumwelle\\\/\",\"https:\\\/\\\/x.com\\\/raumwelle\",\"https:\\\/\\\/www.youtube.com\\\/user\\\/fellmensch\",\"https:\\\/\\\/www.tumblr.com\\\/lautfunk\"],\"url\":\"https:\\\/\\\/lautfunk.uber.space\\\/probepodcast\\\/author\\\/sascha\\\/\"}]}<\/script>\n<!-- \/ Yoast SEO plugin. -->","yoast_head_json":{"title":"Frequenzmodulation Synthese: Was ist die FM-Synthese - Probe Podcast","description":"Entdecken Sie die faszinierende Welt der FM-Synthese: Von klaren Glockenkl\u00e4ngen bis hin zu komplexen, klangvollen Texturen.","robots":{"index":"index","follow":"follow","max-snippet":"max-snippet:-1","max-image-preview":"max-image-preview:large","max-video-preview":"max-video-preview:-1"},"canonical":"https:\/\/lautfunk.uber.space\/probepodcast\/frequenzmodulation-synthese-was-ist-die-fm-synthese\/","og_locale":"de_DE","og_type":"article","og_title":"Frequenzmodulation Synthese: Was ist die FM-Synthese - Probe Podcast","og_description":"Entdecken Sie die faszinierende Welt der FM-Synthese: Von klaren Glockenkl\u00e4ngen bis hin zu komplexen, klangvollen Texturen.","og_url":"https:\/\/lautfunk.uber.space\/probepodcast\/frequenzmodulation-synthese-was-ist-die-fm-synthese\/","og_site_name":"Probe Podcast","article_publisher":"https:\/\/www.facebook.com\/sascha.markmann","article_author":"https:\/\/www.facebook.com\/sascha.markmann","article_published_time":"2023-10-23T08:31:00+00:00","article_modified_time":"2025-05-19T12:14:03+00:00","og_image":[{"width":800,"height":450,"url":"https:\/\/lautfunk.uber.space\/probepodcast\/wp-content\/uploads\/sites\/3\/2023\/10\/FM-Synthese.jpg","type":"image\/jpeg"}],"author":"Sascha Markmann","twitter_card":"summary_large_image","twitter_creator":"@raumwelle","twitter_site":"@raumwelle","twitter_misc":{"Verfasst von":"Sascha Markmann","Gesch\u00e4tzte Lesezeit":"5\u00a0Minuten"},"schema":{"@context":"https:\/\/schema.org","@graph":[{"@type":"Article","@id":"https:\/\/lautfunk.uber.space\/probepodcast\/frequenzmodulation-synthese-was-ist-die-fm-synthese\/#article","isPartOf":{"@id":"https:\/\/lautfunk.uber.space\/probepodcast\/frequenzmodulation-synthese-was-ist-die-fm-synthese\/"},"author":{"name":"Sascha Markmann","@id":"https:\/\/lautfunk.uber.space\/probepodcast\/#\/schema\/person\/eaaaeefee57a38cbe19f97caa2a20263"},"headline":"Frequenzmodulation Synthese: Was ist die FM-Synthese","datePublished":"2023-10-23T08:31:00+00:00","dateModified":"2025-05-19T12:14:03+00:00","mainEntityOfPage":{"@id":"https:\/\/lautfunk.uber.space\/probepodcast\/frequenzmodulation-synthese-was-ist-die-fm-synthese\/"},"wordCount":858,"commentCount":0,"publisher":{"@id":"https:\/\/lautfunk.uber.space\/probepodcast\/#\/schema\/person\/eaaaeefee57a38cbe19f97caa2a20263"},"image":{"@id":"https:\/\/lautfunk.uber.space\/probepodcast\/frequenzmodulation-synthese-was-ist-die-fm-synthese\/#primaryimage"},"thumbnailUrl":"https:\/\/lautfunk.uber.space\/probepodcast\/wp-content\/uploads\/sites\/3\/2023\/10\/FM-Synthese.jpg","keywords":["elektronischemusik","FMKl\u00e4nge","Innovation","Klangmodulation","Klangvielfalt","Musikerkreation","Musikinstrumente","Musiktechnologie","sounddesign","synthesizer"],"articleSection":["Blog","Synthese Formen","Was ist das?"],"inLanguage":"de","potentialAction":[{"@type":"CommentAction","name":"Comment","target":["https:\/\/lautfunk.uber.space\/probepodcast\/frequenzmodulation-synthese-was-ist-die-fm-synthese\/#respond"]}]},{"@type":"WebPage","@id":"https:\/\/lautfunk.uber.space\/probepodcast\/frequenzmodulation-synthese-was-ist-die-fm-synthese\/","url":"https:\/\/lautfunk.uber.space\/probepodcast\/frequenzmodulation-synthese-was-ist-die-fm-synthese\/","name":"Frequenzmodulation Synthese: Was ist die FM-Synthese - Probe Podcast","isPartOf":{"@id":"https:\/\/lautfunk.uber.space\/probepodcast\/#website"},"primaryImageOfPage":{"@id":"https:\/\/lautfunk.uber.space\/probepodcast\/frequenzmodulation-synthese-was-ist-die-fm-synthese\/#primaryimage"},"image":{"@id":"https:\/\/lautfunk.uber.space\/probepodcast\/frequenzmodulation-synthese-was-ist-die-fm-synthese\/#primaryimage"},"thumbnailUrl":"https:\/\/lautfunk.uber.space\/probepodcast\/wp-content\/uploads\/sites\/3\/2023\/10\/FM-Synthese.jpg","datePublished":"2023-10-23T08:31:00+00:00","dateModified":"2025-05-19T12:14:03+00:00","description":"Entdecken Sie die faszinierende Welt der FM-Synthese: Von klaren Glockenkl\u00e4ngen bis hin zu komplexen, klangvollen Texturen.","breadcrumb":{"@id":"https:\/\/lautfunk.uber.space\/probepodcast\/frequenzmodulation-synthese-was-ist-die-fm-synthese\/#breadcrumb"},"inLanguage":"de","potentialAction":[{"@type":"ReadAction","target":["https:\/\/lautfunk.uber.space\/probepodcast\/frequenzmodulation-synthese-was-ist-die-fm-synthese\/"]}]},{"@type":"ImageObject","inLanguage":"de","@id":"https:\/\/lautfunk.uber.space\/probepodcast\/frequenzmodulation-synthese-was-ist-die-fm-synthese\/#primaryimage","url":"https:\/\/lautfunk.uber.space\/probepodcast\/wp-content\/uploads\/sites\/3\/2023\/10\/FM-Synthese.jpg","contentUrl":"https:\/\/lautfunk.uber.space\/probepodcast\/wp-content\/uploads\/sites\/3\/2023\/10\/FM-Synthese.jpg","width":800,"height":450},{"@type":"BreadcrumbList","@id":"https:\/\/lautfunk.uber.space\/probepodcast\/frequenzmodulation-synthese-was-ist-die-fm-synthese\/#breadcrumb","itemListElement":[{"@type":"ListItem","position":1,"name":"Startseite","item":"https:\/\/lautfunk.uber.space\/probepodcast\/"},{"@type":"ListItem","position":2,"name":"Frequenzmodulation Synthese: Was ist die FM-Synthese"}]},{"@type":"WebSite","@id":"https:\/\/lautfunk.uber.space\/probepodcast\/#website","url":"https:\/\/lautfunk.uber.space\/probepodcast\/","name":"Probe Podcast","description":"Der gem\u00fctliche Talk aus dem Proberaum","publisher":{"@id":"https:\/\/lautfunk.uber.space\/probepodcast\/#\/schema\/person\/eaaaeefee57a38cbe19f97caa2a20263"},"alternateName":"SynthWave Sessions","potentialAction":[{"@type":"SearchAction","target":{"@type":"EntryPoint","urlTemplate":"https:\/\/lautfunk.uber.space\/probepodcast\/?s={search_term_string}"},"query-input":{"@type":"PropertyValueSpecification","valueRequired":true,"valueName":"search_term_string"}}],"inLanguage":"de"},{"@type":["Person","Organization"],"@id":"https:\/\/lautfunk.uber.space\/probepodcast\/#\/schema\/person\/eaaaeefee57a38cbe19f97caa2a20263","name":"Sascha Markmann","image":{"@type":"ImageObject","inLanguage":"de","@id":"https:\/\/lautfunk.uber.space\/probepodcast\/wp-content\/uploads\/sites\/3\/2018\/05\/20424197_1474132585976704_6882412338832920590_o-kleiner.jpg","url":"https:\/\/lautfunk.uber.space\/probepodcast\/wp-content\/uploads\/sites\/3\/2018\/05\/20424197_1474132585976704_6882412338832920590_o-kleiner.jpg","contentUrl":"https:\/\/lautfunk.uber.space\/probepodcast\/wp-content\/uploads\/sites\/3\/2018\/05\/20424197_1474132585976704_6882412338832920590_o-kleiner.jpg","width":360,"height":360,"caption":"Sascha Markmann"},"logo":{"@id":"https:\/\/lautfunk.uber.space\/probepodcast\/wp-content\/uploads\/sites\/3\/2018\/05\/20424197_1474132585976704_6882412338832920590_o-kleiner.jpg"},"description":"Sascha Markmann ist ein kreativer Kopf mit bewegter Biografie: Informatiker, studierter Philosoph, Religionswissenschaftler und Psychologe \u2013 und gleichzeitig ein Mensch, der das Leben nach einem Schlaganfall ganz neu entdeckt hat. Nach Stationen als Rettungssanit\u00e4ter und Altenpfleger fand Sascha seinen Weg in die Welt des kreativen Ausdrucks: Als Blogger, Musiker, Podcaster, Philosoph und visueller Geschichtenerz\u00e4hler kombiniert er technisches Know-how mit emotionaler Tiefe und einem schr\u00e4gen Sinn f\u00fcr Humor. Seine Beitr\u00e4ge entstehen irgendwo zwischen Borderline, Acid Bassline und Beistand \u2013 ehrlich, direkt und gerne auch mal mit einem Augenzwinkern. Leitmotiv: \u201eAudiovisueller Stumpfsinn mit keinem Nutzwert \u2013 aber vielleicht genau deshalb so wertvoll.\u201c","sameAs":["https:\/\/lautfunk.uber.space","https:\/\/www.facebook.com\/sascha.markmann","https:\/\/www.instagram.com\/lautfunk\/","https:\/\/www.linkedin.com\/in\/sascha-markmann-b46019137\/","https:\/\/de.pinterest.com\/Raumwelle\/","https:\/\/x.com\/raumwelle","https:\/\/www.youtube.com\/user\/fellmensch","https:\/\/www.tumblr.com\/lautfunk"],"url":"https:\/\/lautfunk.uber.space\/probepodcast\/author\/sascha\/"}]}},"jetpack_publicize_connections":[],"jetpack_featured_media_url":"https:\/\/lautfunk.uber.space\/probepodcast\/wp-content\/uploads\/sites\/3\/2023\/10\/FM-Synthese.jpg","jetpack_likes_enabled":true,"jetpack-related-posts":[{"id":1983,"url":"https:\/\/lautfunk.uber.space\/probepodcast\/newsletter-und-podcast-update-oktober-2023\/","url_meta":{"origin":1907,"position":0},"title":"Newsletter und Podcast Update- Oktober 2023","author":"Sascha Markmann","date":"2. November 2023","format":false,"excerpt":"\"Entdecke die Welt der Musik: Von FM-Synthese bis zu pers\u00f6nlichen Musikgeschichten. Tauche ein in unsere Oktober-Highlights!\"","rel":"","context":"In &quot;Newsletter&quot;","block_context":{"text":"Newsletter","link":"https:\/\/lautfunk.uber.space\/probepodcast\/category\/newsletter\/"},"img":{"alt_text":"","src":"https:\/\/i0.wp.com\/lautfunk.uber.space\/probepodcast\/wp-content\/uploads\/sites\/3\/2023\/11\/Newsletter-probe-podcast-ok.jpg?resize=350%2C200&ssl=1","width":350,"height":200,"srcset":"https:\/\/i0.wp.com\/lautfunk.uber.space\/probepodcast\/wp-content\/uploads\/sites\/3\/2023\/11\/Newsletter-probe-podcast-ok.jpg?resize=350%2C200&ssl=1 1x, https:\/\/i0.wp.com\/lautfunk.uber.space\/probepodcast\/wp-content\/uploads\/sites\/3\/2023\/11\/Newsletter-probe-podcast-ok.jpg?resize=525%2C300&ssl=1 1.5x, https:\/\/i0.wp.com\/lautfunk.uber.space\/probepodcast\/wp-content\/uploads\/sites\/3\/2023\/11\/Newsletter-probe-podcast-ok.jpg?resize=700%2C400&ssl=1 2x, https:\/\/i0.wp.com\/lautfunk.uber.space\/probepodcast\/wp-content\/uploads\/sites\/3\/2023\/11\/Newsletter-probe-podcast-ok.jpg?resize=1050%2C600&ssl=1 3x, https:\/\/i0.wp.com\/lautfunk.uber.space\/probepodcast\/wp-content\/uploads\/sites\/3\/2023\/11\/Newsletter-probe-podcast-ok.jpg?resize=1400%2C800&ssl=1 4x"},"classes":[]},{"id":3105,"url":"https:\/\/lautfunk.uber.space\/probepodcast\/additive-synthese-eine-einfuehrung-in-theorie-praxis-und-geschichte\/","url_meta":{"origin":1907,"position":1},"title":"Additive Synthese: Eine Einf\u00fchrung in Theorie, Praxis und Geschichte","author":"Sascha Markmann","date":"9. September 2024","format":false,"excerpt":"Additive Synthese kombiniert einfache Sinuswellen zu komplexen Kl\u00e4ngen. Entdecke, wie durch Frequenzen, Amplituden und Phasen einzigartige Sounds in Musikproduktion entstehen!","rel":"","context":"In &quot;Blog&quot;","block_context":{"text":"Blog","link":"https:\/\/lautfunk.uber.space\/probepodcast\/category\/blog\/"},"img":{"alt_text":"","src":"https:\/\/i0.wp.com\/lautfunk.uber.space\/probepodcast\/wp-content\/uploads\/sites\/3\/2024\/09\/Additive-Synthese.jpg?resize=350%2C200&ssl=1","width":350,"height":200,"srcset":"https:\/\/i0.wp.com\/lautfunk.uber.space\/probepodcast\/wp-content\/uploads\/sites\/3\/2024\/09\/Additive-Synthese.jpg?resize=350%2C200&ssl=1 1x, https:\/\/i0.wp.com\/lautfunk.uber.space\/probepodcast\/wp-content\/uploads\/sites\/3\/2024\/09\/Additive-Synthese.jpg?resize=525%2C300&ssl=1 1.5x, https:\/\/i0.wp.com\/lautfunk.uber.space\/probepodcast\/wp-content\/uploads\/sites\/3\/2024\/09\/Additive-Synthese.jpg?resize=700%2C400&ssl=1 2x"},"classes":[]},{"id":2913,"url":"https:\/\/lautfunk.uber.space\/probepodcast\/casio-synthesizer-ein-blick-auf-die-pioniere-der-digitalen-klangerzeugung\/","url_meta":{"origin":1907,"position":2},"title":"Casio-Synthesizer: Ein Blick auf die Pioniere der digitalen Klangerzeugung","author":"Sascha Markmann","date":"12. Juli 2024","format":false,"excerpt":"\"Entdecke die faszinierende Welt der Casio-Synthesizer und ihre innovative Phase-Distortion-Synthese, die die elektronische Musik revolutioniert hat. Ein tiefer Einblick in Technik und Einfluss dieser einzigartigen Instrumente.\"","rel":"","context":"In &quot;Blog&quot;","block_context":{"text":"Blog","link":"https:\/\/lautfunk.uber.space\/probepodcast\/category\/blog\/"},"img":{"alt_text":"","src":"https:\/\/i0.wp.com\/lautfunk.uber.space\/probepodcast\/wp-content\/uploads\/sites\/3\/2024\/07\/phase-distortion-synthesis2.jpg?resize=350%2C200&ssl=1","width":350,"height":200,"srcset":"https:\/\/i0.wp.com\/lautfunk.uber.space\/probepodcast\/wp-content\/uploads\/sites\/3\/2024\/07\/phase-distortion-synthesis2.jpg?resize=350%2C200&ssl=1 1x, https:\/\/i0.wp.com\/lautfunk.uber.space\/probepodcast\/wp-content\/uploads\/sites\/3\/2024\/07\/phase-distortion-synthesis2.jpg?resize=525%2C300&ssl=1 1.5x, https:\/\/i0.wp.com\/lautfunk.uber.space\/probepodcast\/wp-content\/uploads\/sites\/3\/2024\/07\/phase-distortion-synthesis2.jpg?resize=700%2C400&ssl=1 2x"},"classes":[]},{"id":2750,"url":"https:\/\/lautfunk.uber.space\/probepodcast\/vector-synthese-ein-einblick-in-die-klanggestaltung-der-zukunft\/","url_meta":{"origin":1907,"position":3},"title":"Vector Synthese: Ein Einblick in die Klanggestaltung der Zukunft","author":"Sascha Markmann","date":"19. Juni 2024","format":false,"excerpt":"\"Erfahre alles \u00fcber die faszinierende Welt der Vector Synthese: Von ihrer Funktionsweise bis zu modernen Anwendungen in Synthesizern wie dem Korg Wavestate. Tauche ein in dynamische Klanglandschaften!\"","rel":"","context":"In &quot;Blog&quot;","block_context":{"text":"Blog","link":"https:\/\/lautfunk.uber.space\/probepodcast\/category\/blog\/"},"img":{"alt_text":"","src":"https:\/\/i0.wp.com\/lautfunk.uber.space\/probepodcast\/wp-content\/uploads\/sites\/3\/2024\/06\/Vector-Synthese.jpg?resize=350%2C200&ssl=1","width":350,"height":200,"srcset":"https:\/\/i0.wp.com\/lautfunk.uber.space\/probepodcast\/wp-content\/uploads\/sites\/3\/2024\/06\/Vector-Synthese.jpg?resize=350%2C200&ssl=1 1x, https:\/\/i0.wp.com\/lautfunk.uber.space\/probepodcast\/wp-content\/uploads\/sites\/3\/2024\/06\/Vector-Synthese.jpg?resize=525%2C300&ssl=1 1.5x, https:\/\/i0.wp.com\/lautfunk.uber.space\/probepodcast\/wp-content\/uploads\/sites\/3\/2024\/06\/Vector-Synthese.jpg?resize=700%2C400&ssl=1 2x, https:\/\/i0.wp.com\/lautfunk.uber.space\/probepodcast\/wp-content\/uploads\/sites\/3\/2024\/06\/Vector-Synthese.jpg?resize=1050%2C600&ssl=1 3x, https:\/\/i0.wp.com\/lautfunk.uber.space\/probepodcast\/wp-content\/uploads\/sites\/3\/2024\/06\/Vector-Synthese.jpg?resize=1400%2C800&ssl=1 4x"},"classes":[]},{"id":2703,"url":"https:\/\/lautfunk.uber.space\/probepodcast\/einfuehrung-in-die-subtraktive-synthese-in-der-musikproduktion\/","url_meta":{"origin":1907,"position":4},"title":"Einf\u00fchrung in die Subtraktive Synthese in der Musikproduktion","author":"Sascha Markmann","date":"12. Juni 2024","format":false,"excerpt":"Entdecke die Welt der subtraktiven Synthese! Lerne die Grundlagen von Oszillatoren, Filtern, Verst\u00e4rkern und mehr. Perfekt f\u00fcr Einsteiger in die Musikproduktion und elektronische Klanggestaltung.","rel":"","context":"In &quot;Blog&quot;","block_context":{"text":"Blog","link":"https:\/\/lautfunk.uber.space\/probepodcast\/category\/blog\/"},"img":{"alt_text":"","src":"https:\/\/i0.wp.com\/lautfunk.uber.space\/probepodcast\/wp-content\/uploads\/sites\/3\/2024\/06\/Subtrative-Synthese-.jpg?resize=350%2C200&ssl=1","width":350,"height":200,"srcset":"https:\/\/i0.wp.com\/lautfunk.uber.space\/probepodcast\/wp-content\/uploads\/sites\/3\/2024\/06\/Subtrative-Synthese-.jpg?resize=350%2C200&ssl=1 1x, https:\/\/i0.wp.com\/lautfunk.uber.space\/probepodcast\/wp-content\/uploads\/sites\/3\/2024\/06\/Subtrative-Synthese-.jpg?resize=525%2C300&ssl=1 1.5x, https:\/\/i0.wp.com\/lautfunk.uber.space\/probepodcast\/wp-content\/uploads\/sites\/3\/2024\/06\/Subtrative-Synthese-.jpg?resize=700%2C400&ssl=1 2x"},"classes":[]},{"id":3181,"url":"https:\/\/lautfunk.uber.space\/probepodcast\/granularsynthese-eine-umfassende-erklaerung\/","url_meta":{"origin":1907,"position":5},"title":"Granularsynthese: Eine umfassende Erkl\u00e4rung","author":"Sascha Markmann","date":"23. September 2024","format":false,"excerpt":"\"Granularsynthese zerlegt Kl\u00e4nge in winzige Fragmente, die neu zusammengesetzt und modifiziert werden. Diese Technik erm\u00f6glicht einzigartige, komplexe Klanglandschaften f\u00fcr Musikproduktion und Sounddesign.\"","rel":"","context":"In &quot;Blog&quot;","block_context":{"text":"Blog","link":"https:\/\/lautfunk.uber.space\/probepodcast\/category\/blog\/"},"img":{"alt_text":"","src":"https:\/\/i0.wp.com\/lautfunk.uber.space\/probepodcast\/wp-content\/uploads\/sites\/3\/2024\/09\/granular-synthesis.jpg?resize=350%2C200&ssl=1","width":350,"height":200,"srcset":"https:\/\/i0.wp.com\/lautfunk.uber.space\/probepodcast\/wp-content\/uploads\/sites\/3\/2024\/09\/granular-synthesis.jpg?resize=350%2C200&ssl=1 1x, https:\/\/i0.wp.com\/lautfunk.uber.space\/probepodcast\/wp-content\/uploads\/sites\/3\/2024\/09\/granular-synthesis.jpg?resize=525%2C300&ssl=1 1.5x, https:\/\/i0.wp.com\/lautfunk.uber.space\/probepodcast\/wp-content\/uploads\/sites\/3\/2024\/09\/granular-synthesis.jpg?resize=700%2C400&ssl=1 2x, https:\/\/i0.wp.com\/lautfunk.uber.space\/probepodcast\/wp-content\/uploads\/sites\/3\/2024\/09\/granular-synthesis.jpg?resize=1050%2C600&ssl=1 3x, https:\/\/i0.wp.com\/lautfunk.uber.space\/probepodcast\/wp-content\/uploads\/sites\/3\/2024\/09\/granular-synthesis.jpg?resize=1400%2C800&ssl=1 4x"},"classes":[]}],"jetpack_sharing_enabled":true,"_links":{"self":[{"href":"https:\/\/lautfunk.uber.space\/probepodcast\/wp-json\/wp\/v2\/posts\/1907","targetHints":{"allow":["GET"]}}],"collection":[{"href":"https:\/\/lautfunk.uber.space\/probepodcast\/wp-json\/wp\/v2\/posts"}],"about":[{"href":"https:\/\/lautfunk.uber.space\/probepodcast\/wp-json\/wp\/v2\/types\/post"}],"author":[{"embeddable":true,"href":"https:\/\/lautfunk.uber.space\/probepodcast\/wp-json\/wp\/v2\/users\/2"}],"replies":[{"embeddable":true,"href":"https:\/\/lautfunk.uber.space\/probepodcast\/wp-json\/wp\/v2\/comments?post=1907"}],"version-history":[{"count":11,"href":"https:\/\/lautfunk.uber.space\/probepodcast\/wp-json\/wp\/v2\/posts\/1907\/revisions"}],"predecessor-version":[{"id":4215,"href":"https:\/\/lautfunk.uber.space\/probepodcast\/wp-json\/wp\/v2\/posts\/1907\/revisions\/4215"}],"wp:featuredmedia":[{"embeddable":true,"href":"https:\/\/lautfunk.uber.space\/probepodcast\/wp-json\/wp\/v2\/media\/1909"}],"wp:attachment":[{"href":"https:\/\/lautfunk.uber.space\/probepodcast\/wp-json\/wp\/v2\/media?parent=1907"}],"wp:term":[{"taxonomy":"category","embeddable":true,"href":"https:\/\/lautfunk.uber.space\/probepodcast\/wp-json\/wp\/v2\/categories?post=1907"},{"taxonomy":"post_tag","embeddable":true,"href":"https:\/\/lautfunk.uber.space\/probepodcast\/wp-json\/wp\/v2\/tags?post=1907"}],"curies":[{"name":"wp","href":"https:\/\/api.w.org\/{rel}","templated":true}]}}