{"id":1983,"date":"2023-11-02T05:36:33","date_gmt":"2023-11-02T04:36:33","guid":{"rendered":"https:\/\/lautfunk.uber.space\/probepodcast\/?p=1983"},"modified":"2023-11-03T00:13:24","modified_gmt":"2023-11-02T23:13:24","slug":"newsletter-und-podcast-update-oktober-2023","status":"publish","type":"post","link":"https:\/\/lautfunk.uber.space\/probepodcast\/newsletter-und-podcast-update-oktober-2023\/","title":{"rendered":"Newsletter und Podcast Update- Oktober 2023"},"content":{"rendered":"\n<p>Hallo und herzlich willkommen zum Probe Podcast Newsletter f\u00fcr Oktober 2023! Diesen Monat haben wir eine spannende Auswahl an Podcasts und Blogbeitr\u00e4gen f\u00fcr dich zusammengestellt. Tauche ein in die Welt der Musikproduktion, erfahre mehr \u00fcber FM-Synthese und lass dich von pers\u00f6nlichen Erfahrungen inspirieren.<\/p>\n\n\n\n<!--more-->\n\n\n\n<h2 class=\"wp-block-heading\">Podcasts:<\/h2>\n\n\n\n<h3 class=\"wp-block-heading\">Probe Podcast Bonus 004 &#8211; Newsflash: Die Franzosen Wider<\/h3>\n\n\n\n<p><strong>Ver\u00f6ffentlicht am:<\/strong> 2. Oktober 2023<br>In dieser Sonderausgabe des Probe Podcasts diskutiert das Team die neuesten Entwicklungen in der franz\u00f6sischen Musikszene. Ein Muss f\u00fcr alle, die sich f\u00fcr internationale Musiktrends interessieren.<br><a href=\"https:\/\/lautfunk.uber.space\/probepodcast\/probe-podcast-bonus-004-newsflash-die-franzosen-wider\/\">Podcast anh\u00f6ren<\/a><\/p>\n\n\n\n<h3 class=\"wp-block-heading\">Probe Podcast 61 &#8211; Unsere eigene Musik<\/h3>\n\n\n\n<p><strong>Ver\u00f6ffentlicht am:<\/strong> 16. Oktober 2023<br>Das Team teilt seine pers\u00f6nlichen Erfahrungen und Erkenntnisse \u00fcber die Schaffung eigener Musik. Ein inspirierender Podcast f\u00fcr alle, die ihre eigenen musikalischen Werke kreieren m\u00f6chten.<br><a href=\"https:\/\/lautfunk.uber.space\/probepodcast\/probe-podcast-61-unsere-eigene-musik\/\">Podcast anh\u00f6ren<\/a><\/p>\n\n\n\n<h3 class=\"wp-block-heading\">Probe Podcast 62 &#8211; Newsflash Oktober<\/h3>\n\n\n\n<p><strong>Ver\u00f6ffentlicht am:<\/strong> 30. Oktober 2023<br>Das Team pr\u00e4sentiert die neuesten Nachrichten und Entwicklungen in der Musikwelt. Bleib auf dem Laufenden mit diesem informativen Podcast.<br><a href=\"https:\/\/lautfunk.uber.space\/probepodcast\/probe-podcast-62-newsflash-oktober\/\">Podcast anh\u00f6ren<\/a><\/p>\n\n\n\n<h3 class=\"wp-block-heading\">Probe Podcast 63 &#8211; FM-Synthese<\/h3>\n\n\n\n<p><strong>Ver\u00f6ffentlicht am:<\/strong> 23. Oktober 2023<br>In dieser Episode vertieft das Team das Thema FM-Synthese und bietet einen detaillierten Einblick in diese faszinierende Technik.<br><a href=\"https:\/\/lautfunk.uber.space\/probepodcast\/probe-podcast-63-fm-synthese\/\">Podcast anh\u00f6ren<\/a><\/p>\n\n\n\n<h2 class=\"wp-block-heading\">Blog:<\/h2>\n\n\n\n<h3 class=\"wp-block-heading\">Frequenzmodulation Synthese: Was ist die FM-Synthese?<\/h3>\n\n\n\n<p><strong>Ver\u00f6ffentlicht am:<\/strong> 9. Oktober 2023<br>Ein umfassender Blogbeitrag, der die Grundlagen und Anwendungen der FM-Synthese erl\u00e4utert. Perfekt f\u00fcr alle, die sich f\u00fcr die technischen Aspekte der Musikproduktion interessieren.<br><a href=\"https:\/\/lautfunk.uber.space\/probepodcast\/frequenzmodulation-synthese-was-ist-die-fm-synthese\/\">Blogbeitrag lesen<\/a><\/p>\n\n\n\n<hr class=\"wp-block-separator has-alpha-channel-opacity\"\/>\n\n\n\n<p>Wir hoffen, dass du diesen Newsletter genie\u00dft und die Inhalte inspirierend und informativ findest. Besuche den Probe Podcast f\u00fcr weitere spannende Beitr\u00e4ge und Podcasts. Bis zum n\u00e4chsten Mal!<\/p>\n\n\n<p><center>\n<script>window.podcastDataf978288eb9d166 = {\"title\":\"Probe Podcast\",\"subtitle\":\"Beim lockeren Talk aus dem Proberaum\",\"description\":\"Im Probe Podcast treffen sich leidenschaftliche Musiker in ihrem Home Studio, um \\u00fcber die neuesten Entwicklungen in der Studio-Technik und Software zu sprechen. Doch keine Sorge, es geht nicht nur um trockene Technikdetails. Im Mittelpunkt stehen auch spannende Anekdoten und Geschichten, die das Ganze auflockern und unterhaltsam machen.\\r\\n\\r\\nDie Gastgeber teilen ihre pers\\u00f6nlichen Erfahrungen, tauschen sich aus und widmen sich der Musik, die sie lieben. Ob es um die Suche nach dem perfekten Sound geht, um Tipps und Tricks f\\u00fcr das Home Studio oder um inspirierende musikalische Entdeckungen \\u2013 im Probe Podcast dreht sich alles um die Welt der Musik.\\r\\n\\r\\nSchalte ein und lass dich von den lockeren Talks aus dem Home Studio mitrei\\u00dfen. Hier ist Platz f\\u00fcr Musikbegeisterte, Hobbyproduzenten und alle, die mehr \\u00fcber die Musikindustrie erfahren m\\u00f6chten. Gemeinsam rocken wir das Home Studio und lassen uns von der kreativen Energie der Musik inspirieren.\",\"cover\":\"https:\\\/\\\/lautfunk.uber.space\\\/probepodcast\\\/podlove\\\/image\\\/68747470733a2f2f6c61757466756e6b2e756265722e73706163652f70726f6265706f64636173742f77702d636f6e74656e742f75706c6f6164732f73697465732f332f323031382f30352f50726f62652d506f644361737467726f73732d4e65752e6a7067\\\/400\\\/0\\\/0\\\/probe-podcast\",\"feeds\":[{\"type\":\"audio\",\"format\":\"mp3\",\"url\":\"https:\\\/\\\/lautfunk.uber.space\\\/probepodcast\\\/feed\\\/mp3\\\/\",\"variant\":\"high\",\"directory-url-itunes\":\"https:\\\/\\\/podcasts.apple.com\\\/podcast\\\/id1407181264\"},{\"type\":\"audio\",\"format\":\"aac\",\"url\":\"https:\\\/\\\/lautfunk.uber.space\\\/probepodcast\\\/feed\\\/m4a\\\/\",\"variant\":\"high\"}]};<\/script>\n<script class=\"podlove-subscribe-button\" src=\"https:\/\/cdn.podlove.org\/subscribe-button\/javascripts\/app.js\" data-json-data=\"podcastDataf978288eb9d166\" data-language=\"de\" data-size=\"big\" data-format=\"cover\" data-style=\"filled\" data-color=\"#75ad91\"> <\/script>\n<script>\nif (typeof SubscribeButton == 'undefined') {\n\n    document.write(unescape(\"%3Cscript class=\\\"podlove-subscribe-button\\\" src=\\\"https:\/\/lautfunk.uber.space\/probepodcast\/wp-content\/plugins\/podlove-podcasting-plugin-for-wordpress\/lib\/modules\/subscribe_button\/dist\/javascripts\/app.js\\\" data-json-data=\\\"podcastDataf978288eb9d166\\\" data-language=\\\"de\\\" data-size=\\\"big\\\" data-format=\\\"cover\\\" data-style=\\\"filled\\\" data-color=\\\"#75ad91\\\"> %3E%3C\/script%3E\"));\n\n    \/\/ hide uninitialized button\n    window.setTimeout(function() {\n        iframes = document.querySelectorAll('.podlove-subscribe-button-iframe')\n        for (i = 0; i < iframes.length; ++i) {\n            if (!iframes[i].style.width && !iframes[i].style.height) {\n                iframes[i].style.display = 'none';\n            }\n        }\n    }, 5000);\n\n}\n<\/script><\/center><\/p>\n\n\n\n<p>Vielen Dank f\u00fcr eure Unterst\u00fctzung!<\/p>\n\n\n\n<p>Mit musikalischen Gr\u00fc\u00dfen,<br>Das Team von LautFunk Publikationskartell<\/p>\n\n\n\n<h2 class=\"wp-block-heading\">Abonniere unseren Newsletter<\/h2>\n\n\n\n\n\n<h2 class=\"wp-block-heading\">Quellenangaben<\/h2>\n\n\n\n<ul class=\"wp-block-list\">\n<li><a href=\"https:\/\/lautfunk.uber.space\/probepodcast\/probe-podcast-bonus-004-newsflash-die-franzosen-wider\/\">Probe Podcast Bonus 004 &#8211; Newsflash: Die Franzosen Wider<\/a><\/li>\n\n\n\n<li><a href=\"https:\/\/lautfunk.uber.space\/probepodcast\/frequenzmodulation-synthese-was-ist-die-fm-synthese\/\">Frequenzmodulation Synthese: Was ist die FM-Synthese?<\/a><\/li>\n\n\n\n<li><a href=\"https:\/\/lautfunk.uber.space\/probepodcast\/probe-podcast-63-fm-synthese\/\">Probe Podcast 63 &#8211; FM-Synthese<\/a><\/li>\n\n\n\n<li><a href=\"https:\/\/lautfunk.uber.space\/probepodcast\/probe-podcast-62-newsflash-oktober\/\">Probe Podcast 62 &#8211; Newsflash Oktober<\/a><\/li>\n\n\n\n<li><a href=\"https:\/\/lautfunk.uber.space\/probepodcast\/probe-podcast-61-unsere-eigene-musik\/\">Probe Podcast 61 &#8211; Unsere eigene Musik<\/a><\/li>\n\n\n\n<li><a href=\"https:\/\/lautfunk.uber.space\/probepodcast\/frequenzmodulation-synthese-was-ist-die-fm-synthese\/\">Frequenzmodulation Synthese: Was ist die FM-Synthese?<\/a><\/li>\n<\/ul>\n<div class=\"syndication-links\"><\/div>","protected":false},"excerpt":{"rendered":"<p>&#8222;Entdecke die Welt der Musik: Von FM-Synthese bis zu pers\u00f6nlichen Musikgeschichten. Tauche ein in unsere Oktober-Highlights!&#8220;<\/p>\n","protected":false},"author":2,"featured_media":1987,"comment_status":"open","ping_status":"open","sticky":false,"template":"","format":"standard","meta":{"wikipediapreview_detectlinks":true,"wprm-recipe-roundup-name":"","wprm-recipe-roundup-description":"","mf2_syndication":[],"webmentions_disabled_pings":false,"webmentions_disabled":false,"_jetpack_memberships_contains_paid_content":false,"activitypub_content_warning":"","activitypub_content_visibility":"","activitypub_max_image_attachments":4,"activitypub_interaction_policy_quote":"anyone","activitypub_status":"","footnotes":"","jetpack_publicize_message":"Ein Neuer Newsletter ist f\u00fcr den Probe Podcast online:\n\nNewsletter und Podcast Update- Oktober 2023\n\n\"Entdecke die Welt der Musik: Von FM-Synthese bis zu pers\u00f6nlichen Musikgeschichten. Tauche ein in unsere Oktober-Highlights! #Lautfunk #MusikEntdecken\"","jetpack_publicize_feature_enabled":true,"jetpack_social_post_already_shared":false,"jetpack_social_options":{"image_generator_settings":{"template":"highway","default_image_id":0,"font":"","enabled":false},"version":2}},"categories":[570],"tags":[622,625,617,620,618,615,546,626,613,621,501,619,139,497,612,624,571,623,616,158,614],"class_list":["post-1983","post","type-post","status-publish","format-standard","has-post-thumbnail","hentry","category-newsletter","tag-audioinnovation","tag-eigenemusik","tag-fmsynthese","tag-franzoesischemusik","tag-inspirationpodcast","tag-klangexperimente","tag-kreativitaet","tag-lautfunk","tag-musikbranche","tag-musikentdecken","tag-musikerleben","tag-musiknews","tag-musikproduktion","tag-musiktechnik","tag-musiktrends","tag-musikupdates","tag-newsletter","tag-oktobernews","tag-podcasthighlights","tag-sounddesign","tag-technikblog"],"yoast_head":"<!-- This site is optimized with the Yoast SEO plugin v27.5 - https:\/\/yoast.com\/product\/yoast-seo-wordpress\/ -->\n<title>Newsletter und Podcast Update- Oktober 2023 - Probe Podcast<\/title>\n<meta name=\"description\" content=\"&quot;Entdecke die Welt der Musik: Von FM-Synthese bis zu pers\u00f6nlichen Musikgeschichten. Tauche ein in unsere Oktober-Highlights!&quot;\" \/>\n<meta name=\"robots\" content=\"index, follow, max-snippet:-1, max-image-preview:large, max-video-preview:-1\" \/>\n<link rel=\"canonical\" href=\"https:\/\/lautfunk.uber.space\/probepodcast\/newsletter-und-podcast-update-oktober-2023\/\" \/>\n<meta property=\"og:locale\" content=\"de_DE\" \/>\n<meta property=\"og:type\" content=\"article\" \/>\n<meta property=\"og:title\" content=\"Newsletter und Podcast Update- Oktober 2023 - Probe Podcast\" \/>\n<meta property=\"og:description\" content=\"&quot;Entdecke die Welt der Musik: Von FM-Synthese bis zu pers\u00f6nlichen Musikgeschichten. Tauche ein in unsere Oktober-Highlights!&quot;\" \/>\n<meta property=\"og:url\" content=\"https:\/\/lautfunk.uber.space\/probepodcast\/newsletter-und-podcast-update-oktober-2023\/\" \/>\n<meta property=\"og:site_name\" content=\"Probe Podcast\" \/>\n<meta property=\"article:publisher\" content=\"https:\/\/www.facebook.com\/sascha.markmann\" \/>\n<meta property=\"article:author\" content=\"https:\/\/www.facebook.com\/sascha.markmann\" \/>\n<meta property=\"article:published_time\" content=\"2023-11-02T04:36:33+00:00\" \/>\n<meta property=\"article:modified_time\" content=\"2023-11-02T23:13:24+00:00\" \/>\n<meta property=\"og:image\" content=\"https:\/\/lautfunk.uber.space\/probepodcast\/wp-content\/uploads\/sites\/3\/2023\/11\/Newsletter-probe-podcast-ok.jpg\" \/>\n\t<meta property=\"og:image:width\" content=\"1920\" \/>\n\t<meta property=\"og:image:height\" content=\"1080\" \/>\n\t<meta property=\"og:image:type\" content=\"image\/jpeg\" \/>\n<meta name=\"author\" content=\"Sascha Markmann\" \/>\n<meta name=\"twitter:card\" content=\"summary_large_image\" \/>\n<meta name=\"twitter:creator\" content=\"@raumwelle\" \/>\n<meta name=\"twitter:site\" content=\"@raumwelle\" \/>\n<meta name=\"twitter:label1\" content=\"Verfasst von\" \/>\n\t<meta name=\"twitter:data1\" content=\"Sascha Markmann\" \/>\n\t<meta name=\"twitter:label2\" content=\"Gesch\u00e4tzte Lesezeit\" \/>\n\t<meta name=\"twitter:data2\" content=\"2\u00a0Minuten\" \/>\n<script type=\"application\/ld+json\" class=\"yoast-schema-graph\">{\"@context\":\"https:\\\/\\\/schema.org\",\"@graph\":[{\"@type\":\"Article\",\"@id\":\"https:\\\/\\\/lautfunk.uber.space\\\/probepodcast\\\/newsletter-und-podcast-update-oktober-2023\\\/#article\",\"isPartOf\":{\"@id\":\"https:\\\/\\\/lautfunk.uber.space\\\/probepodcast\\\/newsletter-und-podcast-update-oktober-2023\\\/\"},\"author\":{\"name\":\"Sascha Markmann\",\"@id\":\"https:\\\/\\\/lautfunk.uber.space\\\/probepodcast\\\/#\\\/schema\\\/person\\\/eaaaeefee57a38cbe19f97caa2a20263\"},\"headline\":\"Newsletter und Podcast Update- Oktober 2023\",\"datePublished\":\"2023-11-02T04:36:33+00:00\",\"dateModified\":\"2023-11-02T23:13:24+00:00\",\"mainEntityOfPage\":{\"@id\":\"https:\\\/\\\/lautfunk.uber.space\\\/probepodcast\\\/newsletter-und-podcast-update-oktober-2023\\\/\"},\"wordCount\":325,\"commentCount\":0,\"publisher\":{\"@id\":\"https:\\\/\\\/lautfunk.uber.space\\\/probepodcast\\\/#\\\/schema\\\/person\\\/eaaaeefee57a38cbe19f97caa2a20263\"},\"image\":{\"@id\":\"https:\\\/\\\/lautfunk.uber.space\\\/probepodcast\\\/newsletter-und-podcast-update-oktober-2023\\\/#primaryimage\"},\"thumbnailUrl\":\"https:\\\/\\\/lautfunk.uber.space\\\/probepodcast\\\/wp-content\\\/uploads\\\/sites\\\/3\\\/2023\\\/11\\\/Newsletter-probe-podcast-ok.jpg\",\"keywords\":[\"AudioInnovation\",\"EigeneMusik\",\"FMSynthese\",\"Franz\u00f6sischeMusik\",\"InspirationPodcast\",\"Klangexperimente\",\"Kreativit\u00e4t\",\"Lautfunk\",\"Musikbranche\",\"MusikEntdecken\",\"Musikerleben\",\"MusikNews\",\"Musikproduktion\",\"Musiktechnik\",\"MusikTrends\",\"MusikUpdates\",\"Newsletter\",\"OktoberNews\",\"PodcastHighlights\",\"sounddesign\",\"TechnikBlog\"],\"articleSection\":[\"Newsletter\"],\"inLanguage\":\"de\",\"potentialAction\":[{\"@type\":\"CommentAction\",\"name\":\"Comment\",\"target\":[\"https:\\\/\\\/lautfunk.uber.space\\\/probepodcast\\\/newsletter-und-podcast-update-oktober-2023\\\/#respond\"]}]},{\"@type\":\"WebPage\",\"@id\":\"https:\\\/\\\/lautfunk.uber.space\\\/probepodcast\\\/newsletter-und-podcast-update-oktober-2023\\\/\",\"url\":\"https:\\\/\\\/lautfunk.uber.space\\\/probepodcast\\\/newsletter-und-podcast-update-oktober-2023\\\/\",\"name\":\"Newsletter und Podcast Update- Oktober 2023 - Probe Podcast\",\"isPartOf\":{\"@id\":\"https:\\\/\\\/lautfunk.uber.space\\\/probepodcast\\\/#website\"},\"primaryImageOfPage\":{\"@id\":\"https:\\\/\\\/lautfunk.uber.space\\\/probepodcast\\\/newsletter-und-podcast-update-oktober-2023\\\/#primaryimage\"},\"image\":{\"@id\":\"https:\\\/\\\/lautfunk.uber.space\\\/probepodcast\\\/newsletter-und-podcast-update-oktober-2023\\\/#primaryimage\"},\"thumbnailUrl\":\"https:\\\/\\\/lautfunk.uber.space\\\/probepodcast\\\/wp-content\\\/uploads\\\/sites\\\/3\\\/2023\\\/11\\\/Newsletter-probe-podcast-ok.jpg\",\"datePublished\":\"2023-11-02T04:36:33+00:00\",\"dateModified\":\"2023-11-02T23:13:24+00:00\",\"description\":\"\\\"Entdecke die Welt der Musik: Von FM-Synthese bis zu pers\u00f6nlichen Musikgeschichten. Tauche ein in unsere Oktober-Highlights!\\\"\",\"breadcrumb\":{\"@id\":\"https:\\\/\\\/lautfunk.uber.space\\\/probepodcast\\\/newsletter-und-podcast-update-oktober-2023\\\/#breadcrumb\"},\"inLanguage\":\"de\",\"potentialAction\":[{\"@type\":\"ReadAction\",\"target\":[\"https:\\\/\\\/lautfunk.uber.space\\\/probepodcast\\\/newsletter-und-podcast-update-oktober-2023\\\/\"]}]},{\"@type\":\"ImageObject\",\"inLanguage\":\"de\",\"@id\":\"https:\\\/\\\/lautfunk.uber.space\\\/probepodcast\\\/newsletter-und-podcast-update-oktober-2023\\\/#primaryimage\",\"url\":\"https:\\\/\\\/lautfunk.uber.space\\\/probepodcast\\\/wp-content\\\/uploads\\\/sites\\\/3\\\/2023\\\/11\\\/Newsletter-probe-podcast-ok.jpg\",\"contentUrl\":\"https:\\\/\\\/lautfunk.uber.space\\\/probepodcast\\\/wp-content\\\/uploads\\\/sites\\\/3\\\/2023\\\/11\\\/Newsletter-probe-podcast-ok.jpg\",\"width\":1920,\"height\":1080},{\"@type\":\"BreadcrumbList\",\"@id\":\"https:\\\/\\\/lautfunk.uber.space\\\/probepodcast\\\/newsletter-und-podcast-update-oktober-2023\\\/#breadcrumb\",\"itemListElement\":[{\"@type\":\"ListItem\",\"position\":1,\"name\":\"Startseite\",\"item\":\"https:\\\/\\\/lautfunk.uber.space\\\/probepodcast\\\/\"},{\"@type\":\"ListItem\",\"position\":2,\"name\":\"Newsletter und Podcast Update- Oktober 2023\"}]},{\"@type\":\"WebSite\",\"@id\":\"https:\\\/\\\/lautfunk.uber.space\\\/probepodcast\\\/#website\",\"url\":\"https:\\\/\\\/lautfunk.uber.space\\\/probepodcast\\\/\",\"name\":\"Probe Podcast\",\"description\":\"Der gem\u00fctliche Talk aus dem Proberaum\",\"publisher\":{\"@id\":\"https:\\\/\\\/lautfunk.uber.space\\\/probepodcast\\\/#\\\/schema\\\/person\\\/eaaaeefee57a38cbe19f97caa2a20263\"},\"alternateName\":\"SynthWave Sessions\",\"potentialAction\":[{\"@type\":\"SearchAction\",\"target\":{\"@type\":\"EntryPoint\",\"urlTemplate\":\"https:\\\/\\\/lautfunk.uber.space\\\/probepodcast\\\/?s={search_term_string}\"},\"query-input\":{\"@type\":\"PropertyValueSpecification\",\"valueRequired\":true,\"valueName\":\"search_term_string\"}}],\"inLanguage\":\"de\"},{\"@type\":[\"Person\",\"Organization\"],\"@id\":\"https:\\\/\\\/lautfunk.uber.space\\\/probepodcast\\\/#\\\/schema\\\/person\\\/eaaaeefee57a38cbe19f97caa2a20263\",\"name\":\"Sascha Markmann\",\"image\":{\"@type\":\"ImageObject\",\"inLanguage\":\"de\",\"@id\":\"https:\\\/\\\/lautfunk.uber.space\\\/probepodcast\\\/wp-content\\\/uploads\\\/sites\\\/3\\\/2018\\\/05\\\/20424197_1474132585976704_6882412338832920590_o-kleiner.jpg\",\"url\":\"https:\\\/\\\/lautfunk.uber.space\\\/probepodcast\\\/wp-content\\\/uploads\\\/sites\\\/3\\\/2018\\\/05\\\/20424197_1474132585976704_6882412338832920590_o-kleiner.jpg\",\"contentUrl\":\"https:\\\/\\\/lautfunk.uber.space\\\/probepodcast\\\/wp-content\\\/uploads\\\/sites\\\/3\\\/2018\\\/05\\\/20424197_1474132585976704_6882412338832920590_o-kleiner.jpg\",\"width\":360,\"height\":360,\"caption\":\"Sascha Markmann\"},\"logo\":{\"@id\":\"https:\\\/\\\/lautfunk.uber.space\\\/probepodcast\\\/wp-content\\\/uploads\\\/sites\\\/3\\\/2018\\\/05\\\/20424197_1474132585976704_6882412338832920590_o-kleiner.jpg\"},\"description\":\"Sascha Markmann ist ein kreativer Kopf mit bewegter Biografie: Informatiker, studierter Philosoph, Religionswissenschaftler und Psychologe \u2013 und gleichzeitig ein Mensch, der das Leben nach einem Schlaganfall ganz neu entdeckt hat. Nach Stationen als Rettungssanit\u00e4ter und Altenpfleger fand Sascha seinen Weg in die Welt des kreativen Ausdrucks: Als Blogger, Musiker, Podcaster, Philosoph und visueller Geschichtenerz\u00e4hler kombiniert er technisches Know-how mit emotionaler Tiefe und einem schr\u00e4gen Sinn f\u00fcr Humor. Seine Beitr\u00e4ge entstehen irgendwo zwischen Borderline, Acid Bassline und Beistand \u2013 ehrlich, direkt und gerne auch mal mit einem Augenzwinkern. Leitmotiv: \u201eAudiovisueller Stumpfsinn mit keinem Nutzwert \u2013 aber vielleicht genau deshalb so wertvoll.\u201c\",\"sameAs\":[\"https:\\\/\\\/lautfunk.uber.space\",\"https:\\\/\\\/www.facebook.com\\\/sascha.markmann\",\"https:\\\/\\\/www.instagram.com\\\/lautfunk\\\/\",\"https:\\\/\\\/www.linkedin.com\\\/in\\\/sascha-markmann-b46019137\\\/\",\"https:\\\/\\\/de.pinterest.com\\\/Raumwelle\\\/\",\"https:\\\/\\\/x.com\\\/raumwelle\",\"https:\\\/\\\/www.youtube.com\\\/user\\\/fellmensch\",\"https:\\\/\\\/www.tumblr.com\\\/lautfunk\"],\"url\":\"https:\\\/\\\/lautfunk.uber.space\\\/probepodcast\\\/author\\\/sascha\\\/\"}]}<\/script>\n<!-- \/ Yoast SEO plugin. -->","yoast_head_json":{"title":"Newsletter und Podcast Update- Oktober 2023 - Probe Podcast","description":"\"Entdecke die Welt der Musik: Von FM-Synthese bis zu pers\u00f6nlichen Musikgeschichten. Tauche ein in unsere Oktober-Highlights!\"","robots":{"index":"index","follow":"follow","max-snippet":"max-snippet:-1","max-image-preview":"max-image-preview:large","max-video-preview":"max-video-preview:-1"},"canonical":"https:\/\/lautfunk.uber.space\/probepodcast\/newsletter-und-podcast-update-oktober-2023\/","og_locale":"de_DE","og_type":"article","og_title":"Newsletter und Podcast Update- Oktober 2023 - Probe Podcast","og_description":"\"Entdecke die Welt der Musik: Von FM-Synthese bis zu pers\u00f6nlichen Musikgeschichten. Tauche ein in unsere Oktober-Highlights!\"","og_url":"https:\/\/lautfunk.uber.space\/probepodcast\/newsletter-und-podcast-update-oktober-2023\/","og_site_name":"Probe Podcast","article_publisher":"https:\/\/www.facebook.com\/sascha.markmann","article_author":"https:\/\/www.facebook.com\/sascha.markmann","article_published_time":"2023-11-02T04:36:33+00:00","article_modified_time":"2023-11-02T23:13:24+00:00","og_image":[{"width":1920,"height":1080,"url":"https:\/\/lautfunk.uber.space\/probepodcast\/wp-content\/uploads\/sites\/3\/2023\/11\/Newsletter-probe-podcast-ok.jpg","type":"image\/jpeg"}],"author":"Sascha Markmann","twitter_card":"summary_large_image","twitter_creator":"@raumwelle","twitter_site":"@raumwelle","twitter_misc":{"Verfasst von":"Sascha Markmann","Gesch\u00e4tzte Lesezeit":"2\u00a0Minuten"},"schema":{"@context":"https:\/\/schema.org","@graph":[{"@type":"Article","@id":"https:\/\/lautfunk.uber.space\/probepodcast\/newsletter-und-podcast-update-oktober-2023\/#article","isPartOf":{"@id":"https:\/\/lautfunk.uber.space\/probepodcast\/newsletter-und-podcast-update-oktober-2023\/"},"author":{"name":"Sascha Markmann","@id":"https:\/\/lautfunk.uber.space\/probepodcast\/#\/schema\/person\/eaaaeefee57a38cbe19f97caa2a20263"},"headline":"Newsletter und Podcast Update- Oktober 2023","datePublished":"2023-11-02T04:36:33+00:00","dateModified":"2023-11-02T23:13:24+00:00","mainEntityOfPage":{"@id":"https:\/\/lautfunk.uber.space\/probepodcast\/newsletter-und-podcast-update-oktober-2023\/"},"wordCount":325,"commentCount":0,"publisher":{"@id":"https:\/\/lautfunk.uber.space\/probepodcast\/#\/schema\/person\/eaaaeefee57a38cbe19f97caa2a20263"},"image":{"@id":"https:\/\/lautfunk.uber.space\/probepodcast\/newsletter-und-podcast-update-oktober-2023\/#primaryimage"},"thumbnailUrl":"https:\/\/lautfunk.uber.space\/probepodcast\/wp-content\/uploads\/sites\/3\/2023\/11\/Newsletter-probe-podcast-ok.jpg","keywords":["AudioInnovation","EigeneMusik","FMSynthese","Franz\u00f6sischeMusik","InspirationPodcast","Klangexperimente","Kreativit\u00e4t","Lautfunk","Musikbranche","MusikEntdecken","Musikerleben","MusikNews","Musikproduktion","Musiktechnik","MusikTrends","MusikUpdates","Newsletter","OktoberNews","PodcastHighlights","sounddesign","TechnikBlog"],"articleSection":["Newsletter"],"inLanguage":"de","potentialAction":[{"@type":"CommentAction","name":"Comment","target":["https:\/\/lautfunk.uber.space\/probepodcast\/newsletter-und-podcast-update-oktober-2023\/#respond"]}]},{"@type":"WebPage","@id":"https:\/\/lautfunk.uber.space\/probepodcast\/newsletter-und-podcast-update-oktober-2023\/","url":"https:\/\/lautfunk.uber.space\/probepodcast\/newsletter-und-podcast-update-oktober-2023\/","name":"Newsletter und Podcast Update- Oktober 2023 - Probe Podcast","isPartOf":{"@id":"https:\/\/lautfunk.uber.space\/probepodcast\/#website"},"primaryImageOfPage":{"@id":"https:\/\/lautfunk.uber.space\/probepodcast\/newsletter-und-podcast-update-oktober-2023\/#primaryimage"},"image":{"@id":"https:\/\/lautfunk.uber.space\/probepodcast\/newsletter-und-podcast-update-oktober-2023\/#primaryimage"},"thumbnailUrl":"https:\/\/lautfunk.uber.space\/probepodcast\/wp-content\/uploads\/sites\/3\/2023\/11\/Newsletter-probe-podcast-ok.jpg","datePublished":"2023-11-02T04:36:33+00:00","dateModified":"2023-11-02T23:13:24+00:00","description":"\"Entdecke die Welt der Musik: Von FM-Synthese bis zu pers\u00f6nlichen Musikgeschichten. Tauche ein in unsere Oktober-Highlights!\"","breadcrumb":{"@id":"https:\/\/lautfunk.uber.space\/probepodcast\/newsletter-und-podcast-update-oktober-2023\/#breadcrumb"},"inLanguage":"de","potentialAction":[{"@type":"ReadAction","target":["https:\/\/lautfunk.uber.space\/probepodcast\/newsletter-und-podcast-update-oktober-2023\/"]}]},{"@type":"ImageObject","inLanguage":"de","@id":"https:\/\/lautfunk.uber.space\/probepodcast\/newsletter-und-podcast-update-oktober-2023\/#primaryimage","url":"https:\/\/lautfunk.uber.space\/probepodcast\/wp-content\/uploads\/sites\/3\/2023\/11\/Newsletter-probe-podcast-ok.jpg","contentUrl":"https:\/\/lautfunk.uber.space\/probepodcast\/wp-content\/uploads\/sites\/3\/2023\/11\/Newsletter-probe-podcast-ok.jpg","width":1920,"height":1080},{"@type":"BreadcrumbList","@id":"https:\/\/lautfunk.uber.space\/probepodcast\/newsletter-und-podcast-update-oktober-2023\/#breadcrumb","itemListElement":[{"@type":"ListItem","position":1,"name":"Startseite","item":"https:\/\/lautfunk.uber.space\/probepodcast\/"},{"@type":"ListItem","position":2,"name":"Newsletter und Podcast Update- Oktober 2023"}]},{"@type":"WebSite","@id":"https:\/\/lautfunk.uber.space\/probepodcast\/#website","url":"https:\/\/lautfunk.uber.space\/probepodcast\/","name":"Probe Podcast","description":"Der gem\u00fctliche Talk aus dem Proberaum","publisher":{"@id":"https:\/\/lautfunk.uber.space\/probepodcast\/#\/schema\/person\/eaaaeefee57a38cbe19f97caa2a20263"},"alternateName":"SynthWave Sessions","potentialAction":[{"@type":"SearchAction","target":{"@type":"EntryPoint","urlTemplate":"https:\/\/lautfunk.uber.space\/probepodcast\/?s={search_term_string}"},"query-input":{"@type":"PropertyValueSpecification","valueRequired":true,"valueName":"search_term_string"}}],"inLanguage":"de"},{"@type":["Person","Organization"],"@id":"https:\/\/lautfunk.uber.space\/probepodcast\/#\/schema\/person\/eaaaeefee57a38cbe19f97caa2a20263","name":"Sascha Markmann","image":{"@type":"ImageObject","inLanguage":"de","@id":"https:\/\/lautfunk.uber.space\/probepodcast\/wp-content\/uploads\/sites\/3\/2018\/05\/20424197_1474132585976704_6882412338832920590_o-kleiner.jpg","url":"https:\/\/lautfunk.uber.space\/probepodcast\/wp-content\/uploads\/sites\/3\/2018\/05\/20424197_1474132585976704_6882412338832920590_o-kleiner.jpg","contentUrl":"https:\/\/lautfunk.uber.space\/probepodcast\/wp-content\/uploads\/sites\/3\/2018\/05\/20424197_1474132585976704_6882412338832920590_o-kleiner.jpg","width":360,"height":360,"caption":"Sascha Markmann"},"logo":{"@id":"https:\/\/lautfunk.uber.space\/probepodcast\/wp-content\/uploads\/sites\/3\/2018\/05\/20424197_1474132585976704_6882412338832920590_o-kleiner.jpg"},"description":"Sascha Markmann ist ein kreativer Kopf mit bewegter Biografie: Informatiker, studierter Philosoph, Religionswissenschaftler und Psychologe \u2013 und gleichzeitig ein Mensch, der das Leben nach einem Schlaganfall ganz neu entdeckt hat. Nach Stationen als Rettungssanit\u00e4ter und Altenpfleger fand Sascha seinen Weg in die Welt des kreativen Ausdrucks: Als Blogger, Musiker, Podcaster, Philosoph und visueller Geschichtenerz\u00e4hler kombiniert er technisches Know-how mit emotionaler Tiefe und einem schr\u00e4gen Sinn f\u00fcr Humor. Seine Beitr\u00e4ge entstehen irgendwo zwischen Borderline, Acid Bassline und Beistand \u2013 ehrlich, direkt und gerne auch mal mit einem Augenzwinkern. Leitmotiv: \u201eAudiovisueller Stumpfsinn mit keinem Nutzwert \u2013 aber vielleicht genau deshalb so wertvoll.\u201c","sameAs":["https:\/\/lautfunk.uber.space","https:\/\/www.facebook.com\/sascha.markmann","https:\/\/www.instagram.com\/lautfunk\/","https:\/\/www.linkedin.com\/in\/sascha-markmann-b46019137\/","https:\/\/de.pinterest.com\/Raumwelle\/","https:\/\/x.com\/raumwelle","https:\/\/www.youtube.com\/user\/fellmensch","https:\/\/www.tumblr.com\/lautfunk"],"url":"https:\/\/lautfunk.uber.space\/probepodcast\/author\/sascha\/"}]}},"jetpack_publicize_connections":[],"jetpack_featured_media_url":"https:\/\/lautfunk.uber.space\/probepodcast\/wp-content\/uploads\/sites\/3\/2023\/11\/Newsletter-probe-podcast-ok.jpg","jetpack_likes_enabled":true,"jetpack-related-posts":[{"id":1802,"url":"https:\/\/lautfunk.uber.space\/probepodcast\/newsletter-und-podcast-update-september-2023\/","url_meta":{"origin":1983,"position":0},"title":"Newsletter und Podcast-Update September 2023","author":"Sascha Markmann","date":"21. September 2023","format":false,"excerpt":"\"Stay tuned for the rhythm of knowledge!\"","rel":"","context":"In &quot;Newsletter&quot;","block_context":{"text":"Newsletter","link":"https:\/\/lautfunk.uber.space\/probepodcast\/category\/newsletter\/"},"img":{"alt_text":"","src":"https:\/\/i0.wp.com\/lautfunk.uber.space\/probepodcast\/wp-content\/uploads\/sites\/3\/2023\/09\/Newsletter-probe-podcast-vo.jpg?resize=350%2C200&ssl=1","width":350,"height":200,"srcset":"https:\/\/i0.wp.com\/lautfunk.uber.space\/probepodcast\/wp-content\/uploads\/sites\/3\/2023\/09\/Newsletter-probe-podcast-vo.jpg?resize=350%2C200&ssl=1 1x, https:\/\/i0.wp.com\/lautfunk.uber.space\/probepodcast\/wp-content\/uploads\/sites\/3\/2023\/09\/Newsletter-probe-podcast-vo.jpg?resize=525%2C300&ssl=1 1.5x, https:\/\/i0.wp.com\/lautfunk.uber.space\/probepodcast\/wp-content\/uploads\/sites\/3\/2023\/09\/Newsletter-probe-podcast-vo.jpg?resize=700%2C400&ssl=1 2x, https:\/\/i0.wp.com\/lautfunk.uber.space\/probepodcast\/wp-content\/uploads\/sites\/3\/2023\/09\/Newsletter-probe-podcast-vo.jpg?resize=1050%2C600&ssl=1 3x, https:\/\/i0.wp.com\/lautfunk.uber.space\/probepodcast\/wp-content\/uploads\/sites\/3\/2023\/09\/Newsletter-probe-podcast-vo.jpg?resize=1400%2C800&ssl=1 4x"},"classes":[]},{"id":1907,"url":"https:\/\/lautfunk.uber.space\/probepodcast\/frequenzmodulation-synthese-was-ist-die-fm-synthese\/","url_meta":{"origin":1983,"position":1},"title":"Frequenzmodulation Synthese: Was ist die FM-Synthese","author":"Sascha Markmann","date":"23. Oktober 2023","format":false,"excerpt":"\"Entdecke die faszinierende Welt der FM-Synthese: von klaren Glockenkl\u00e4ngen bis hin zu komplexen, klangvollen Texturen. Tauche ein in die Musikproduktion und kreiere einzigartige Kl\u00e4nge mit Leichtigkeit.\"","rel":"","context":"In &quot;Blog&quot;","block_context":{"text":"Blog","link":"https:\/\/lautfunk.uber.space\/probepodcast\/category\/blog\/"},"img":{"alt_text":"","src":"https:\/\/i0.wp.com\/lautfunk.uber.space\/probepodcast\/wp-content\/uploads\/sites\/3\/2023\/10\/FM-Synthese.jpg?resize=350%2C200&ssl=1","width":350,"height":200,"srcset":"https:\/\/i0.wp.com\/lautfunk.uber.space\/probepodcast\/wp-content\/uploads\/sites\/3\/2023\/10\/FM-Synthese.jpg?resize=350%2C200&ssl=1 1x, https:\/\/i0.wp.com\/lautfunk.uber.space\/probepodcast\/wp-content\/uploads\/sites\/3\/2023\/10\/FM-Synthese.jpg?resize=525%2C300&ssl=1 1.5x, https:\/\/i0.wp.com\/lautfunk.uber.space\/probepodcast\/wp-content\/uploads\/sites\/3\/2023\/10\/FM-Synthese.jpg?resize=700%2C400&ssl=1 2x"},"classes":[]},{"id":2203,"url":"https:\/\/lautfunk.uber.space\/probepodcast\/was-sind-gpts-und-wie-kann-ich-sie-nutzen-ein-einblick-in-die-welt-der-ki-helfer-fuer-musikproduktion-und-daws\/","url_meta":{"origin":1983,"position":2},"title":"Was sind GPTs und wie kann ich sie nutzen? \u2013 Ein Einblick in die Welt der KI-Helfer f\u00fcr Musikproduktion und DAWs","author":"Sascha Markmann","date":"12. Januar 2024","format":false,"excerpt":"\"Harmonielehre und DAWs: Wie GPTs die Musikwelt ver\u00e4ndern\"","rel":"","context":"In &quot;Blog&quot;","block_context":{"text":"Blog","link":"https:\/\/lautfunk.uber.space\/probepodcast\/category\/blog\/"},"img":{"alt_text":"","src":"https:\/\/i0.wp.com\/lautfunk.uber.space\/probepodcast\/wp-content\/uploads\/sites\/3\/2024\/01\/gpt.jpg?resize=350%2C200&ssl=1","width":350,"height":200,"srcset":"https:\/\/i0.wp.com\/lautfunk.uber.space\/probepodcast\/wp-content\/uploads\/sites\/3\/2024\/01\/gpt.jpg?resize=350%2C200&ssl=1 1x, https:\/\/i0.wp.com\/lautfunk.uber.space\/probepodcast\/wp-content\/uploads\/sites\/3\/2024\/01\/gpt.jpg?resize=525%2C300&ssl=1 1.5x, https:\/\/i0.wp.com\/lautfunk.uber.space\/probepodcast\/wp-content\/uploads\/sites\/3\/2024\/01\/gpt.jpg?resize=700%2C400&ssl=1 2x"},"classes":[]},{"id":3181,"url":"https:\/\/lautfunk.uber.space\/probepodcast\/granularsynthese-eine-umfassende-erklaerung\/","url_meta":{"origin":1983,"position":3},"title":"Granularsynthese: Eine umfassende Erkl\u00e4rung","author":"Sascha Markmann","date":"23. September 2024","format":false,"excerpt":"\"Granularsynthese zerlegt Kl\u00e4nge in winzige Fragmente, die neu zusammengesetzt und modifiziert werden. Diese Technik erm\u00f6glicht einzigartige, komplexe Klanglandschaften f\u00fcr Musikproduktion und Sounddesign.\"","rel":"","context":"In &quot;Blog&quot;","block_context":{"text":"Blog","link":"https:\/\/lautfunk.uber.space\/probepodcast\/category\/blog\/"},"img":{"alt_text":"","src":"https:\/\/i0.wp.com\/lautfunk.uber.space\/probepodcast\/wp-content\/uploads\/sites\/3\/2024\/09\/granular-synthesis.jpg?resize=350%2C200&ssl=1","width":350,"height":200,"srcset":"https:\/\/i0.wp.com\/lautfunk.uber.space\/probepodcast\/wp-content\/uploads\/sites\/3\/2024\/09\/granular-synthesis.jpg?resize=350%2C200&ssl=1 1x, https:\/\/i0.wp.com\/lautfunk.uber.space\/probepodcast\/wp-content\/uploads\/sites\/3\/2024\/09\/granular-synthesis.jpg?resize=525%2C300&ssl=1 1.5x, https:\/\/i0.wp.com\/lautfunk.uber.space\/probepodcast\/wp-content\/uploads\/sites\/3\/2024\/09\/granular-synthesis.jpg?resize=700%2C400&ssl=1 2x, https:\/\/i0.wp.com\/lautfunk.uber.space\/probepodcast\/wp-content\/uploads\/sites\/3\/2024\/09\/granular-synthesis.jpg?resize=1050%2C600&ssl=1 3x, https:\/\/i0.wp.com\/lautfunk.uber.space\/probepodcast\/wp-content\/uploads\/sites\/3\/2024\/09\/granular-synthesis.jpg?resize=1400%2C800&ssl=1 4x"},"classes":[]},{"id":2703,"url":"https:\/\/lautfunk.uber.space\/probepodcast\/einfuehrung-in-die-subtraktive-synthese-in-der-musikproduktion\/","url_meta":{"origin":1983,"position":4},"title":"Einf\u00fchrung in die Subtraktive Synthese in der Musikproduktion","author":"Sascha Markmann","date":"12. Juni 2024","format":false,"excerpt":"Entdecke die Welt der subtraktiven Synthese! Lerne die Grundlagen von Oszillatoren, Filtern, Verst\u00e4rkern und mehr. Perfekt f\u00fcr Einsteiger in die Musikproduktion und elektronische Klanggestaltung.","rel":"","context":"In &quot;Blog&quot;","block_context":{"text":"Blog","link":"https:\/\/lautfunk.uber.space\/probepodcast\/category\/blog\/"},"img":{"alt_text":"","src":"https:\/\/i0.wp.com\/lautfunk.uber.space\/probepodcast\/wp-content\/uploads\/sites\/3\/2024\/06\/Subtrative-Synthese-.jpg?resize=350%2C200&ssl=1","width":350,"height":200,"srcset":"https:\/\/i0.wp.com\/lautfunk.uber.space\/probepodcast\/wp-content\/uploads\/sites\/3\/2024\/06\/Subtrative-Synthese-.jpg?resize=350%2C200&ssl=1 1x, https:\/\/i0.wp.com\/lautfunk.uber.space\/probepodcast\/wp-content\/uploads\/sites\/3\/2024\/06\/Subtrative-Synthese-.jpg?resize=525%2C300&ssl=1 1.5x, https:\/\/i0.wp.com\/lautfunk.uber.space\/probepodcast\/wp-content\/uploads\/sites\/3\/2024\/06\/Subtrative-Synthese-.jpg?resize=700%2C400&ssl=1 2x"},"classes":[]},{"id":2089,"url":"https:\/\/lautfunk.uber.space\/probepodcast\/ein-herzliches-dankeschoen\/","url_meta":{"origin":1983,"position":5},"title":"Ein Herzliches Dankesch\u00f6n: Ein Jahr voller spannender Geschichten, wertvoller Unterst\u00fctzung und unvergesslicher Momente","author":"Sascha Markmann","date":"22. Dezember 2023","format":false,"excerpt":"\"Unser Podcast-Jahr 2023: Gemeinschaft, Begeisterung und Dankbarkeit\"","rel":"","context":"In &quot;Blog&quot;","block_context":{"text":"Blog","link":"https:\/\/lautfunk.uber.space\/probepodcast\/category\/blog\/"},"img":{"alt_text":"","src":"https:\/\/i0.wp.com\/lautfunk.uber.space\/probepodcast\/wp-content\/uploads\/sites\/3\/2023\/12\/DALL%C2%B7E-2023-12-22-21.50.16-A-visual-representation-of-a-heartfelt-letter-written-by-a-podcast-host-to-his-audience-expressing-gratitude-and-recapping-the-years-achievements-in.png?resize=350%2C200&ssl=1","width":350,"height":200,"srcset":"https:\/\/i0.wp.com\/lautfunk.uber.space\/probepodcast\/wp-content\/uploads\/sites\/3\/2023\/12\/DALL%C2%B7E-2023-12-22-21.50.16-A-visual-representation-of-a-heartfelt-letter-written-by-a-podcast-host-to-his-audience-expressing-gratitude-and-recapping-the-years-achievements-in.png?resize=350%2C200&ssl=1 1x, https:\/\/i0.wp.com\/lautfunk.uber.space\/probepodcast\/wp-content\/uploads\/sites\/3\/2023\/12\/DALL%C2%B7E-2023-12-22-21.50.16-A-visual-representation-of-a-heartfelt-letter-written-by-a-podcast-host-to-his-audience-expressing-gratitude-and-recapping-the-years-achievements-in.png?resize=525%2C300&ssl=1 1.5x, https:\/\/i0.wp.com\/lautfunk.uber.space\/probepodcast\/wp-content\/uploads\/sites\/3\/2023\/12\/DALL%C2%B7E-2023-12-22-21.50.16-A-visual-representation-of-a-heartfelt-letter-written-by-a-podcast-host-to-his-audience-expressing-gratitude-and-recapping-the-years-achievements-in.png?resize=700%2C400&ssl=1 2x"},"classes":[]}],"jetpack_sharing_enabled":true,"_links":{"self":[{"href":"https:\/\/lautfunk.uber.space\/probepodcast\/wp-json\/wp\/v2\/posts\/1983","targetHints":{"allow":["GET"]}}],"collection":[{"href":"https:\/\/lautfunk.uber.space\/probepodcast\/wp-json\/wp\/v2\/posts"}],"about":[{"href":"https:\/\/lautfunk.uber.space\/probepodcast\/wp-json\/wp\/v2\/types\/post"}],"author":[{"embeddable":true,"href":"https:\/\/lautfunk.uber.space\/probepodcast\/wp-json\/wp\/v2\/users\/2"}],"replies":[{"embeddable":true,"href":"https:\/\/lautfunk.uber.space\/probepodcast\/wp-json\/wp\/v2\/comments?post=1983"}],"version-history":[{"count":3,"href":"https:\/\/lautfunk.uber.space\/probepodcast\/wp-json\/wp\/v2\/posts\/1983\/revisions"}],"predecessor-version":[{"id":1989,"href":"https:\/\/lautfunk.uber.space\/probepodcast\/wp-json\/wp\/v2\/posts\/1983\/revisions\/1989"}],"wp:featuredmedia":[{"embeddable":true,"href":"https:\/\/lautfunk.uber.space\/probepodcast\/wp-json\/wp\/v2\/media\/1987"}],"wp:attachment":[{"href":"https:\/\/lautfunk.uber.space\/probepodcast\/wp-json\/wp\/v2\/media?parent=1983"}],"wp:term":[{"taxonomy":"category","embeddable":true,"href":"https:\/\/lautfunk.uber.space\/probepodcast\/wp-json\/wp\/v2\/categories?post=1983"},{"taxonomy":"post_tag","embeddable":true,"href":"https:\/\/lautfunk.uber.space\/probepodcast\/wp-json\/wp\/v2\/tags?post=1983"}],"curies":[{"name":"wp","href":"https:\/\/api.w.org\/{rel}","templated":true}]}}