{"id":2089,"date":"2023-12-22T22:05:40","date_gmt":"2023-12-22T21:05:40","guid":{"rendered":"https:\/\/lautfunk.uber.space\/probepodcast\/?p=2089"},"modified":"2025-03-27T21:10:37","modified_gmt":"2025-03-27T20:10:37","slug":"ein-herzliches-dankeschoen","status":"publish","type":"post","link":"https:\/\/lautfunk.uber.space\/probepodcast\/ein-herzliches-dankeschoen\/","title":{"rendered":"Ein Herzliches Dankesch\u00f6n: Ein Jahr voller spannender Geschichten, wertvoller Unterst\u00fctzung und unvergesslicher Momente"},"content":{"rendered":"\n<p>liebe Gemeinde, Liebe Freunde und treue H\u00f6rer,<\/p>\n\n\n\n<p>es f\u00e4llt mir eine gro\u00dfe Freude und Ehre zu, heute zu euch zu schreiben und meine aufrichtige Dankbarkeit auszudr\u00fccken. Wir haben gemeinsam eine aufregende Reise durch die Welt des Podcastings unternommen, und ich m\u00f6chte diesen Moment nutzen, um jedem von euch aus tiefstem Herzen zu danken. F\u00fcr all jene, die unsere unz\u00e4hligen Stunden des Podcasts mit Interesse verfolgt haben, sei es durch Zuh\u00f6ren, Kommentieren oder humorvolle Bemerkungen, m\u00f6chte ich ein herzliches Dankesch\u00f6n aussprechen. Eure Unterst\u00fctzung hat unser Projekt belebt und ermutigt uns, weiterzumachen.<\/p>\n\n\n\n<!--more-->\n\n\n\n<p>Besonders m\u00f6chte ich mich bei unseren gro\u00dfartigen Zuh\u00f6rern bedanken, die geduldig unser oft abschweifendes Geplauder \u00fcber unser geliebtes Hobby verfolgt haben. Eure Hingabe hat uns angespornt und gezeigt, dass unsere Leidenschaft geteilt wird. Vielen Dank f\u00fcr eure Treue. Ein besonderes Dankesch\u00f6n gilt auch unseren beiden gro\u00dfz\u00fcgigen Unterst\u00fctzern, die durch ihre finanzielle Hilfe sicherstellen, dass unser Projekt auf soliden Beinen steht. An &#8220; s475e &#8220; und den anonymen Spender geht mein herzlicher Dank.<\/p>\n\n\n\n<p>In diesem Jahr haben wir 28 wundervolle Episoden ver\u00f6ffentlicht, voller interessanter Themen und faszinierender G\u00e4ste, die unseren Podcast in vielerlei Hinsicht bereichert haben. Ein gro\u00dfer Dank geht an Thomas Herr Notstrom, der trotz seines Vollzeitjobs und seiner Verpflichtungen als Familienvater immer wieder Zeit gefunden hat, fesselnde G\u00e4ste f\u00fcr unsere Sendungen zu gewinnen. Auch Tobi, besser bekannt als Tobi mm, verdient eine besondere Erw\u00e4hnung. Er ist schon seit langem ein fester Bestandteil unseres Teams, zuerst als Gast und dann als Co-Moderator. Mit seiner kreativen Art hat er unserem Podcast stets frische Ideen und Einfl\u00fcsse verliehen.<\/p>\n\n\n\n<p>Unser Podcast hat in diesem Jahr gro\u00dfe Ver\u00e4nderungen durchgemacht, wir sind professioneller geworden und haben eine gewisse Routine entwickelt, obwohl wir weniger Folgen ver\u00f6ffentlicht haben als geplant. Die Herausforderungen des Lebens wie Krankheit und Termine haben uns gezeigt, dass auch in einem Hobbyprojekt die Realit\u00e4t eine Rolle spielt.<\/p>\n\n\n\n<p>Abschlie\u00dfend m\u00f6chte ich sagen, dass ich mich von Herzen bei euch allen bedanke. Ich w\u00fcnsche euch frohe Weihnachten, eine besinnliche Zeit und freut euch auf die ein oder zwei verbleibenden Episoden, die in diesem Jahr noch erscheinen werden.<\/p>\n\n\n\n<p>In gro\u00dfer Dankbarkeit,<\/p>\n\n\n\n<p>Sascha aka Raumwelle<\/p>\n\n\n<div class=\"wp-block-image is-style-rounded\">\n<figure class=\"aligncenter size-medium\"><img loading=\"lazy\" decoding=\"async\" width=\"300\" height=\"300\" sizes=\"auto, (max-width: 709px) 85vw, (max-width: 909px) 67vw, (max-width: 1362px) 62vw, 840px\" src=\"https:\/\/lautfunk.uber.space\/probepodcast\/wp-content\/uploads\/sites\/3\/2023\/12\/20230909_195224-300x300.jpg\" alt=\"\" class=\"wp-image-2090\"\/><\/figure>\n<\/div><!-- \/wp:post-content --><div class=\"syndication-links\"><\/div>","protected":false},"excerpt":{"rendered":"<p>&#8222;Unser Podcast-Jahr 2023: Gemeinschaft, Begeisterung und Dankbarkeit&#8220;<\/p>\n","protected":false},"author":2,"featured_media":2091,"comment_status":"open","ping_status":"open","sticky":false,"template":"","format":"standard","meta":{"wikipediapreview_detectlinks":true,"wprm-recipe-roundup-name":"","wprm-recipe-roundup-description":"","mf2_syndication":[],"webmentions_disabled_pings":false,"webmentions_disabled":false,"_jetpack_memberships_contains_paid_content":false,"activitypub_content_warning":"","activitypub_content_visibility":"","activitypub_max_image_attachments":4,"activitypub_interaction_policy_quote":"anyone","activitypub_status":"federated","footnotes":"","jetpack_publicize_message":"Ein neuer Blog-Post ist online.\n\nEin Herzliches Dankesch\u00f6n: Ein Jahr voller spannender Geschichten, wertvoller Unterst\u00fctzung und unvergesslicher Momente","jetpack_publicize_feature_enabled":true,"jetpack_social_post_already_shared":false,"jetpack_social_options":{"image_generator_settings":{"template":"highway","default_image_id":0,"font":"","enabled":false},"version":2}},"categories":[594],"tags":[21,130,676,677,546,672,3,674,96,93,680,94,678,92,95,111,675,673,679],"class_list":["post-2089","post","type-post","status-publish","format-standard","has-post-thumbnail","hentry","category-blog","tag-deutsch","tag-dortmund","tag-erinnerungen","tag-gemeinschaft","tag-kreativitaet","tag-leidenschaft","tag-podcast","tag-podcastdankbarkeit","tag-podcastdeutschland","tag-podcasters","tag-podcastfamilie","tag-podcasting","tag-podcastjahr2023","tag-podcastmakers","tag-podcastshow","tag-ruhrgebiet","tag-spannendegaeste","tag-unterstuetzung","tag-weihnachtsfreude"],"yoast_head":"<!-- This site is optimized with the Yoast SEO plugin v27.5 - https:\/\/yoast.com\/product\/yoast-seo-wordpress\/ -->\n<title>Ein Herzliches Dankesch\u00f6n: Ein Jahr voller spannender Geschichten, wertvoller Unterst\u00fctzung und unvergesslicher Momente - Probe Podcast<\/title>\n<meta name=\"description\" content=\"Unser Podcast-Jahr 2023: Gemeinschaft, Begeisterung und DankbarkeitEin Jahr voller Geschichten, Leidenschaft und Dankbarkeit.\" \/>\n<meta name=\"robots\" content=\"index, follow, max-snippet:-1, max-image-preview:large, max-video-preview:-1\" \/>\n<link rel=\"canonical\" href=\"https:\/\/lautfunk.uber.space\/probepodcast\/ein-herzliches-dankeschoen\/\" \/>\n<meta property=\"og:locale\" content=\"de_DE\" \/>\n<meta property=\"og:type\" content=\"article\" \/>\n<meta property=\"og:title\" content=\"Ein Herzliches Dankesch\u00f6n: Ein Jahr voller spannender Geschichten, wertvoller Unterst\u00fctzung und unvergesslicher Momente - Probe Podcast\" \/>\n<meta property=\"og:description\" content=\"Unser Podcast-Jahr 2023: Gemeinschaft, Begeisterung und DankbarkeitEin Jahr voller Geschichten, Leidenschaft und Dankbarkeit.\" \/>\n<meta property=\"og:url\" content=\"https:\/\/lautfunk.uber.space\/probepodcast\/ein-herzliches-dankeschoen\/\" \/>\n<meta property=\"og:site_name\" content=\"Probe Podcast\" \/>\n<meta property=\"article:publisher\" content=\"https:\/\/www.facebook.com\/sascha.markmann\" \/>\n<meta property=\"article:author\" content=\"https:\/\/www.facebook.com\/sascha.markmann\" \/>\n<meta property=\"article:published_time\" content=\"2023-12-22T21:05:40+00:00\" \/>\n<meta property=\"article:modified_time\" content=\"2025-03-27T20:10:37+00:00\" \/>\n<meta property=\"og:image\" content=\"https:\/\/lautfunk.uber.space\/probepodcast\/wp-content\/uploads\/sites\/3\/2023\/12\/DALL\u00b7E-2023-12-22-21.50.16-A-visual-representation-of-a-heartfelt-letter-written-by-a-podcast-host-to-his-audience-expressing-gratitude-and-recapping-the-years-achievements-in.png\" \/>\n\t<meta property=\"og:image:width\" content=\"800\" \/>\n\t<meta property=\"og:image:height\" content=\"450\" \/>\n\t<meta property=\"og:image:type\" content=\"image\/png\" \/>\n<meta name=\"author\" content=\"Sascha Markmann\" \/>\n<meta name=\"twitter:card\" content=\"summary_large_image\" \/>\n<meta name=\"twitter:creator\" content=\"@raumwelle\" \/>\n<meta name=\"twitter:site\" content=\"@raumwelle\" \/>\n<meta name=\"twitter:label1\" content=\"Verfasst von\" \/>\n\t<meta name=\"twitter:data1\" content=\"Sascha Markmann\" \/>\n\t<meta name=\"twitter:label2\" content=\"Gesch\u00e4tzte Lesezeit\" \/>\n\t<meta name=\"twitter:data2\" content=\"3\u00a0Minuten\" \/>\n<script type=\"application\/ld+json\" class=\"yoast-schema-graph\">{\"@context\":\"https:\\\/\\\/schema.org\",\"@graph\":[{\"@type\":\"Article\",\"@id\":\"https:\\\/\\\/lautfunk.uber.space\\\/probepodcast\\\/ein-herzliches-dankeschoen\\\/#article\",\"isPartOf\":{\"@id\":\"https:\\\/\\\/lautfunk.uber.space\\\/probepodcast\\\/ein-herzliches-dankeschoen\\\/\"},\"author\":{\"name\":\"Sascha Markmann\",\"@id\":\"https:\\\/\\\/lautfunk.uber.space\\\/probepodcast\\\/#\\\/schema\\\/person\\\/eaaaeefee57a38cbe19f97caa2a20263\"},\"headline\":\"Ein Herzliches Dankesch\u00f6n: Ein Jahr voller spannender Geschichten, wertvoller Unterst\u00fctzung und unvergesslicher Momente\",\"datePublished\":\"2023-12-22T21:05:40+00:00\",\"dateModified\":\"2025-03-27T20:10:37+00:00\",\"mainEntityOfPage\":{\"@id\":\"https:\\\/\\\/lautfunk.uber.space\\\/probepodcast\\\/ein-herzliches-dankeschoen\\\/\"},\"wordCount\":395,\"commentCount\":0,\"publisher\":{\"@id\":\"https:\\\/\\\/lautfunk.uber.space\\\/probepodcast\\\/#\\\/schema\\\/person\\\/eaaaeefee57a38cbe19f97caa2a20263\"},\"image\":{\"@id\":\"https:\\\/\\\/lautfunk.uber.space\\\/probepodcast\\\/ein-herzliches-dankeschoen\\\/#primaryimage\"},\"thumbnailUrl\":\"https:\\\/\\\/lautfunk.uber.space\\\/probepodcast\\\/wp-content\\\/uploads\\\/sites\\\/3\\\/2023\\\/12\\\/DALL\u00b7E-2023-12-22-21.50.16-A-visual-representation-of-a-heartfelt-letter-written-by-a-podcast-host-to-his-audience-expressing-gratitude-and-recapping-the-years-achievements-in.png\",\"keywords\":[\"deutsch\",\"dortmund\",\"Erinnerungen\",\"Gemeinschaft\",\"Kreativit\u00e4t\",\"Leidenschaft\",\"Podcast\",\"PodcastDankbarkeit\",\"podcastdeutschland\",\"podcasters\",\"PodcastFamilie\",\"podcasting\",\"PodcastJahr2023\",\"podcastmakers\",\"podcastshow\",\"Ruhrgebiet\",\"SpannendeG\u00e4ste\",\"Unterst\u00fctzung\",\"Weihnachtsfreude\"],\"articleSection\":[\"Blog\"],\"inLanguage\":\"de\",\"potentialAction\":[{\"@type\":\"CommentAction\",\"name\":\"Comment\",\"target\":[\"https:\\\/\\\/lautfunk.uber.space\\\/probepodcast\\\/ein-herzliches-dankeschoen\\\/#respond\"]}]},{\"@type\":\"WebPage\",\"@id\":\"https:\\\/\\\/lautfunk.uber.space\\\/probepodcast\\\/ein-herzliches-dankeschoen\\\/\",\"url\":\"https:\\\/\\\/lautfunk.uber.space\\\/probepodcast\\\/ein-herzliches-dankeschoen\\\/\",\"name\":\"Ein Herzliches Dankesch\u00f6n: Ein Jahr voller spannender Geschichten, wertvoller Unterst\u00fctzung und unvergesslicher Momente - Probe Podcast\",\"isPartOf\":{\"@id\":\"https:\\\/\\\/lautfunk.uber.space\\\/probepodcast\\\/#website\"},\"primaryImageOfPage\":{\"@id\":\"https:\\\/\\\/lautfunk.uber.space\\\/probepodcast\\\/ein-herzliches-dankeschoen\\\/#primaryimage\"},\"image\":{\"@id\":\"https:\\\/\\\/lautfunk.uber.space\\\/probepodcast\\\/ein-herzliches-dankeschoen\\\/#primaryimage\"},\"thumbnailUrl\":\"https:\\\/\\\/lautfunk.uber.space\\\/probepodcast\\\/wp-content\\\/uploads\\\/sites\\\/3\\\/2023\\\/12\\\/DALL\u00b7E-2023-12-22-21.50.16-A-visual-representation-of-a-heartfelt-letter-written-by-a-podcast-host-to-his-audience-expressing-gratitude-and-recapping-the-years-achievements-in.png\",\"datePublished\":\"2023-12-22T21:05:40+00:00\",\"dateModified\":\"2025-03-27T20:10:37+00:00\",\"description\":\"Unser Podcast-Jahr 2023: Gemeinschaft, Begeisterung und DankbarkeitEin Jahr voller Geschichten, Leidenschaft und Dankbarkeit.\",\"breadcrumb\":{\"@id\":\"https:\\\/\\\/lautfunk.uber.space\\\/probepodcast\\\/ein-herzliches-dankeschoen\\\/#breadcrumb\"},\"inLanguage\":\"de\",\"potentialAction\":[{\"@type\":\"ReadAction\",\"target\":[\"https:\\\/\\\/lautfunk.uber.space\\\/probepodcast\\\/ein-herzliches-dankeschoen\\\/\"]}]},{\"@type\":\"ImageObject\",\"inLanguage\":\"de\",\"@id\":\"https:\\\/\\\/lautfunk.uber.space\\\/probepodcast\\\/ein-herzliches-dankeschoen\\\/#primaryimage\",\"url\":\"https:\\\/\\\/lautfunk.uber.space\\\/probepodcast\\\/wp-content\\\/uploads\\\/sites\\\/3\\\/2023\\\/12\\\/DALL\u00b7E-2023-12-22-21.50.16-A-visual-representation-of-a-heartfelt-letter-written-by-a-podcast-host-to-his-audience-expressing-gratitude-and-recapping-the-years-achievements-in.png\",\"contentUrl\":\"https:\\\/\\\/lautfunk.uber.space\\\/probepodcast\\\/wp-content\\\/uploads\\\/sites\\\/3\\\/2023\\\/12\\\/DALL\u00b7E-2023-12-22-21.50.16-A-visual-representation-of-a-heartfelt-letter-written-by-a-podcast-host-to-his-audience-expressing-gratitude-and-recapping-the-years-achievements-in.png\",\"width\":800,\"height\":450},{\"@type\":\"BreadcrumbList\",\"@id\":\"https:\\\/\\\/lautfunk.uber.space\\\/probepodcast\\\/ein-herzliches-dankeschoen\\\/#breadcrumb\",\"itemListElement\":[{\"@type\":\"ListItem\",\"position\":1,\"name\":\"Startseite\",\"item\":\"https:\\\/\\\/lautfunk.uber.space\\\/probepodcast\\\/\"},{\"@type\":\"ListItem\",\"position\":2,\"name\":\"Ein Herzliches Dankesch\u00f6n: Ein Jahr voller spannender Geschichten, wertvoller Unterst\u00fctzung und unvergesslicher Momente\"}]},{\"@type\":\"WebSite\",\"@id\":\"https:\\\/\\\/lautfunk.uber.space\\\/probepodcast\\\/#website\",\"url\":\"https:\\\/\\\/lautfunk.uber.space\\\/probepodcast\\\/\",\"name\":\"Probe Podcast\",\"description\":\"Der gem\u00fctliche Talk aus dem Proberaum\",\"publisher\":{\"@id\":\"https:\\\/\\\/lautfunk.uber.space\\\/probepodcast\\\/#\\\/schema\\\/person\\\/eaaaeefee57a38cbe19f97caa2a20263\"},\"alternateName\":\"SynthWave Sessions\",\"potentialAction\":[{\"@type\":\"SearchAction\",\"target\":{\"@type\":\"EntryPoint\",\"urlTemplate\":\"https:\\\/\\\/lautfunk.uber.space\\\/probepodcast\\\/?s={search_term_string}\"},\"query-input\":{\"@type\":\"PropertyValueSpecification\",\"valueRequired\":true,\"valueName\":\"search_term_string\"}}],\"inLanguage\":\"de\"},{\"@type\":[\"Person\",\"Organization\"],\"@id\":\"https:\\\/\\\/lautfunk.uber.space\\\/probepodcast\\\/#\\\/schema\\\/person\\\/eaaaeefee57a38cbe19f97caa2a20263\",\"name\":\"Sascha Markmann\",\"image\":{\"@type\":\"ImageObject\",\"inLanguage\":\"de\",\"@id\":\"https:\\\/\\\/lautfunk.uber.space\\\/probepodcast\\\/wp-content\\\/uploads\\\/sites\\\/3\\\/2018\\\/05\\\/20424197_1474132585976704_6882412338832920590_o-kleiner.jpg\",\"url\":\"https:\\\/\\\/lautfunk.uber.space\\\/probepodcast\\\/wp-content\\\/uploads\\\/sites\\\/3\\\/2018\\\/05\\\/20424197_1474132585976704_6882412338832920590_o-kleiner.jpg\",\"contentUrl\":\"https:\\\/\\\/lautfunk.uber.space\\\/probepodcast\\\/wp-content\\\/uploads\\\/sites\\\/3\\\/2018\\\/05\\\/20424197_1474132585976704_6882412338832920590_o-kleiner.jpg\",\"width\":360,\"height\":360,\"caption\":\"Sascha Markmann\"},\"logo\":{\"@id\":\"https:\\\/\\\/lautfunk.uber.space\\\/probepodcast\\\/wp-content\\\/uploads\\\/sites\\\/3\\\/2018\\\/05\\\/20424197_1474132585976704_6882412338832920590_o-kleiner.jpg\"},\"description\":\"Sascha Markmann ist ein kreativer Kopf mit bewegter Biografie: Informatiker, studierter Philosoph, Religionswissenschaftler und Psychologe \u2013 und gleichzeitig ein Mensch, der das Leben nach einem Schlaganfall ganz neu entdeckt hat. Nach Stationen als Rettungssanit\u00e4ter und Altenpfleger fand Sascha seinen Weg in die Welt des kreativen Ausdrucks: Als Blogger, Musiker, Podcaster, Philosoph und visueller Geschichtenerz\u00e4hler kombiniert er technisches Know-how mit emotionaler Tiefe und einem schr\u00e4gen Sinn f\u00fcr Humor. Seine Beitr\u00e4ge entstehen irgendwo zwischen Borderline, Acid Bassline und Beistand \u2013 ehrlich, direkt und gerne auch mal mit einem Augenzwinkern. Leitmotiv: \u201eAudiovisueller Stumpfsinn mit keinem Nutzwert \u2013 aber vielleicht genau deshalb so wertvoll.\u201c\",\"sameAs\":[\"https:\\\/\\\/lautfunk.uber.space\",\"https:\\\/\\\/www.facebook.com\\\/sascha.markmann\",\"https:\\\/\\\/www.instagram.com\\\/lautfunk\\\/\",\"https:\\\/\\\/www.linkedin.com\\\/in\\\/sascha-markmann-b46019137\\\/\",\"https:\\\/\\\/de.pinterest.com\\\/Raumwelle\\\/\",\"https:\\\/\\\/x.com\\\/raumwelle\",\"https:\\\/\\\/www.youtube.com\\\/user\\\/fellmensch\",\"https:\\\/\\\/www.tumblr.com\\\/lautfunk\"],\"url\":\"https:\\\/\\\/lautfunk.uber.space\\\/probepodcast\\\/author\\\/sascha\\\/\"}]}<\/script>\n<!-- \/ Yoast SEO plugin. -->","yoast_head_json":{"title":"Ein Herzliches Dankesch\u00f6n: Ein Jahr voller spannender Geschichten, wertvoller Unterst\u00fctzung und unvergesslicher Momente - Probe Podcast","description":"Unser Podcast-Jahr 2023: Gemeinschaft, Begeisterung und DankbarkeitEin Jahr voller Geschichten, Leidenschaft und Dankbarkeit.","robots":{"index":"index","follow":"follow","max-snippet":"max-snippet:-1","max-image-preview":"max-image-preview:large","max-video-preview":"max-video-preview:-1"},"canonical":"https:\/\/lautfunk.uber.space\/probepodcast\/ein-herzliches-dankeschoen\/","og_locale":"de_DE","og_type":"article","og_title":"Ein Herzliches Dankesch\u00f6n: Ein Jahr voller spannender Geschichten, wertvoller Unterst\u00fctzung und unvergesslicher Momente - Probe Podcast","og_description":"Unser Podcast-Jahr 2023: Gemeinschaft, Begeisterung und DankbarkeitEin Jahr voller Geschichten, Leidenschaft und Dankbarkeit.","og_url":"https:\/\/lautfunk.uber.space\/probepodcast\/ein-herzliches-dankeschoen\/","og_site_name":"Probe Podcast","article_publisher":"https:\/\/www.facebook.com\/sascha.markmann","article_author":"https:\/\/www.facebook.com\/sascha.markmann","article_published_time":"2023-12-22T21:05:40+00:00","article_modified_time":"2025-03-27T20:10:37+00:00","og_image":[{"width":800,"height":450,"url":"https:\/\/lautfunk.uber.space\/probepodcast\/wp-content\/uploads\/sites\/3\/2023\/12\/DALL\u00b7E-2023-12-22-21.50.16-A-visual-representation-of-a-heartfelt-letter-written-by-a-podcast-host-to-his-audience-expressing-gratitude-and-recapping-the-years-achievements-in.png","type":"image\/png"}],"author":"Sascha Markmann","twitter_card":"summary_large_image","twitter_creator":"@raumwelle","twitter_site":"@raumwelle","twitter_misc":{"Verfasst von":"Sascha Markmann","Gesch\u00e4tzte Lesezeit":"3\u00a0Minuten"},"schema":{"@context":"https:\/\/schema.org","@graph":[{"@type":"Article","@id":"https:\/\/lautfunk.uber.space\/probepodcast\/ein-herzliches-dankeschoen\/#article","isPartOf":{"@id":"https:\/\/lautfunk.uber.space\/probepodcast\/ein-herzliches-dankeschoen\/"},"author":{"name":"Sascha Markmann","@id":"https:\/\/lautfunk.uber.space\/probepodcast\/#\/schema\/person\/eaaaeefee57a38cbe19f97caa2a20263"},"headline":"Ein Herzliches Dankesch\u00f6n: Ein Jahr voller spannender Geschichten, wertvoller Unterst\u00fctzung und unvergesslicher Momente","datePublished":"2023-12-22T21:05:40+00:00","dateModified":"2025-03-27T20:10:37+00:00","mainEntityOfPage":{"@id":"https:\/\/lautfunk.uber.space\/probepodcast\/ein-herzliches-dankeschoen\/"},"wordCount":395,"commentCount":0,"publisher":{"@id":"https:\/\/lautfunk.uber.space\/probepodcast\/#\/schema\/person\/eaaaeefee57a38cbe19f97caa2a20263"},"image":{"@id":"https:\/\/lautfunk.uber.space\/probepodcast\/ein-herzliches-dankeschoen\/#primaryimage"},"thumbnailUrl":"https:\/\/lautfunk.uber.space\/probepodcast\/wp-content\/uploads\/sites\/3\/2023\/12\/DALL\u00b7E-2023-12-22-21.50.16-A-visual-representation-of-a-heartfelt-letter-written-by-a-podcast-host-to-his-audience-expressing-gratitude-and-recapping-the-years-achievements-in.png","keywords":["deutsch","dortmund","Erinnerungen","Gemeinschaft","Kreativit\u00e4t","Leidenschaft","Podcast","PodcastDankbarkeit","podcastdeutschland","podcasters","PodcastFamilie","podcasting","PodcastJahr2023","podcastmakers","podcastshow","Ruhrgebiet","SpannendeG\u00e4ste","Unterst\u00fctzung","Weihnachtsfreude"],"articleSection":["Blog"],"inLanguage":"de","potentialAction":[{"@type":"CommentAction","name":"Comment","target":["https:\/\/lautfunk.uber.space\/probepodcast\/ein-herzliches-dankeschoen\/#respond"]}]},{"@type":"WebPage","@id":"https:\/\/lautfunk.uber.space\/probepodcast\/ein-herzliches-dankeschoen\/","url":"https:\/\/lautfunk.uber.space\/probepodcast\/ein-herzliches-dankeschoen\/","name":"Ein Herzliches Dankesch\u00f6n: Ein Jahr voller spannender Geschichten, wertvoller Unterst\u00fctzung und unvergesslicher Momente - Probe Podcast","isPartOf":{"@id":"https:\/\/lautfunk.uber.space\/probepodcast\/#website"},"primaryImageOfPage":{"@id":"https:\/\/lautfunk.uber.space\/probepodcast\/ein-herzliches-dankeschoen\/#primaryimage"},"image":{"@id":"https:\/\/lautfunk.uber.space\/probepodcast\/ein-herzliches-dankeschoen\/#primaryimage"},"thumbnailUrl":"https:\/\/lautfunk.uber.space\/probepodcast\/wp-content\/uploads\/sites\/3\/2023\/12\/DALL\u00b7E-2023-12-22-21.50.16-A-visual-representation-of-a-heartfelt-letter-written-by-a-podcast-host-to-his-audience-expressing-gratitude-and-recapping-the-years-achievements-in.png","datePublished":"2023-12-22T21:05:40+00:00","dateModified":"2025-03-27T20:10:37+00:00","description":"Unser Podcast-Jahr 2023: Gemeinschaft, Begeisterung und DankbarkeitEin Jahr voller Geschichten, Leidenschaft und Dankbarkeit.","breadcrumb":{"@id":"https:\/\/lautfunk.uber.space\/probepodcast\/ein-herzliches-dankeschoen\/#breadcrumb"},"inLanguage":"de","potentialAction":[{"@type":"ReadAction","target":["https:\/\/lautfunk.uber.space\/probepodcast\/ein-herzliches-dankeschoen\/"]}]},{"@type":"ImageObject","inLanguage":"de","@id":"https:\/\/lautfunk.uber.space\/probepodcast\/ein-herzliches-dankeschoen\/#primaryimage","url":"https:\/\/lautfunk.uber.space\/probepodcast\/wp-content\/uploads\/sites\/3\/2023\/12\/DALL\u00b7E-2023-12-22-21.50.16-A-visual-representation-of-a-heartfelt-letter-written-by-a-podcast-host-to-his-audience-expressing-gratitude-and-recapping-the-years-achievements-in.png","contentUrl":"https:\/\/lautfunk.uber.space\/probepodcast\/wp-content\/uploads\/sites\/3\/2023\/12\/DALL\u00b7E-2023-12-22-21.50.16-A-visual-representation-of-a-heartfelt-letter-written-by-a-podcast-host-to-his-audience-expressing-gratitude-and-recapping-the-years-achievements-in.png","width":800,"height":450},{"@type":"BreadcrumbList","@id":"https:\/\/lautfunk.uber.space\/probepodcast\/ein-herzliches-dankeschoen\/#breadcrumb","itemListElement":[{"@type":"ListItem","position":1,"name":"Startseite","item":"https:\/\/lautfunk.uber.space\/probepodcast\/"},{"@type":"ListItem","position":2,"name":"Ein Herzliches Dankesch\u00f6n: Ein Jahr voller spannender Geschichten, wertvoller Unterst\u00fctzung und unvergesslicher Momente"}]},{"@type":"WebSite","@id":"https:\/\/lautfunk.uber.space\/probepodcast\/#website","url":"https:\/\/lautfunk.uber.space\/probepodcast\/","name":"Probe Podcast","description":"Der gem\u00fctliche Talk aus dem Proberaum","publisher":{"@id":"https:\/\/lautfunk.uber.space\/probepodcast\/#\/schema\/person\/eaaaeefee57a38cbe19f97caa2a20263"},"alternateName":"SynthWave Sessions","potentialAction":[{"@type":"SearchAction","target":{"@type":"EntryPoint","urlTemplate":"https:\/\/lautfunk.uber.space\/probepodcast\/?s={search_term_string}"},"query-input":{"@type":"PropertyValueSpecification","valueRequired":true,"valueName":"search_term_string"}}],"inLanguage":"de"},{"@type":["Person","Organization"],"@id":"https:\/\/lautfunk.uber.space\/probepodcast\/#\/schema\/person\/eaaaeefee57a38cbe19f97caa2a20263","name":"Sascha Markmann","image":{"@type":"ImageObject","inLanguage":"de","@id":"https:\/\/lautfunk.uber.space\/probepodcast\/wp-content\/uploads\/sites\/3\/2018\/05\/20424197_1474132585976704_6882412338832920590_o-kleiner.jpg","url":"https:\/\/lautfunk.uber.space\/probepodcast\/wp-content\/uploads\/sites\/3\/2018\/05\/20424197_1474132585976704_6882412338832920590_o-kleiner.jpg","contentUrl":"https:\/\/lautfunk.uber.space\/probepodcast\/wp-content\/uploads\/sites\/3\/2018\/05\/20424197_1474132585976704_6882412338832920590_o-kleiner.jpg","width":360,"height":360,"caption":"Sascha Markmann"},"logo":{"@id":"https:\/\/lautfunk.uber.space\/probepodcast\/wp-content\/uploads\/sites\/3\/2018\/05\/20424197_1474132585976704_6882412338832920590_o-kleiner.jpg"},"description":"Sascha Markmann ist ein kreativer Kopf mit bewegter Biografie: Informatiker, studierter Philosoph, Religionswissenschaftler und Psychologe \u2013 und gleichzeitig ein Mensch, der das Leben nach einem Schlaganfall ganz neu entdeckt hat. Nach Stationen als Rettungssanit\u00e4ter und Altenpfleger fand Sascha seinen Weg in die Welt des kreativen Ausdrucks: Als Blogger, Musiker, Podcaster, Philosoph und visueller Geschichtenerz\u00e4hler kombiniert er technisches Know-how mit emotionaler Tiefe und einem schr\u00e4gen Sinn f\u00fcr Humor. Seine Beitr\u00e4ge entstehen irgendwo zwischen Borderline, Acid Bassline und Beistand \u2013 ehrlich, direkt und gerne auch mal mit einem Augenzwinkern. Leitmotiv: \u201eAudiovisueller Stumpfsinn mit keinem Nutzwert \u2013 aber vielleicht genau deshalb so wertvoll.\u201c","sameAs":["https:\/\/lautfunk.uber.space","https:\/\/www.facebook.com\/sascha.markmann","https:\/\/www.instagram.com\/lautfunk\/","https:\/\/www.linkedin.com\/in\/sascha-markmann-b46019137\/","https:\/\/de.pinterest.com\/Raumwelle\/","https:\/\/x.com\/raumwelle","https:\/\/www.youtube.com\/user\/fellmensch","https:\/\/www.tumblr.com\/lautfunk"],"url":"https:\/\/lautfunk.uber.space\/probepodcast\/author\/sascha\/"}]}},"jetpack_publicize_connections":[],"jetpack_featured_media_url":"https:\/\/lautfunk.uber.space\/probepodcast\/wp-content\/uploads\/sites\/3\/2023\/12\/DALL\u00b7E-2023-12-22-21.50.16-A-visual-representation-of-a-heartfelt-letter-written-by-a-podcast-host-to-his-audience-expressing-gratitude-and-recapping-the-years-achievements-in.png","jetpack_likes_enabled":true,"jetpack-related-posts":[{"id":1802,"url":"https:\/\/lautfunk.uber.space\/probepodcast\/newsletter-und-podcast-update-september-2023\/","url_meta":{"origin":2089,"position":0},"title":"Newsletter und Podcast-Update September 2023","author":"Sascha Markmann","date":"21. September 2023","format":false,"excerpt":"\"Stay tuned for the rhythm of knowledge!\"","rel":"","context":"In &quot;Newsletter&quot;","block_context":{"text":"Newsletter","link":"https:\/\/lautfunk.uber.space\/probepodcast\/category\/newsletter\/"},"img":{"alt_text":"","src":"https:\/\/i0.wp.com\/lautfunk.uber.space\/probepodcast\/wp-content\/uploads\/sites\/3\/2023\/09\/Newsletter-probe-podcast-vo.jpg?resize=350%2C200&ssl=1","width":350,"height":200,"srcset":"https:\/\/i0.wp.com\/lautfunk.uber.space\/probepodcast\/wp-content\/uploads\/sites\/3\/2023\/09\/Newsletter-probe-podcast-vo.jpg?resize=350%2C200&ssl=1 1x, https:\/\/i0.wp.com\/lautfunk.uber.space\/probepodcast\/wp-content\/uploads\/sites\/3\/2023\/09\/Newsletter-probe-podcast-vo.jpg?resize=525%2C300&ssl=1 1.5x, https:\/\/i0.wp.com\/lautfunk.uber.space\/probepodcast\/wp-content\/uploads\/sites\/3\/2023\/09\/Newsletter-probe-podcast-vo.jpg?resize=700%2C400&ssl=1 2x, https:\/\/i0.wp.com\/lautfunk.uber.space\/probepodcast\/wp-content\/uploads\/sites\/3\/2023\/09\/Newsletter-probe-podcast-vo.jpg?resize=1050%2C600&ssl=1 3x, https:\/\/i0.wp.com\/lautfunk.uber.space\/probepodcast\/wp-content\/uploads\/sites\/3\/2023\/09\/Newsletter-probe-podcast-vo.jpg?resize=1400%2C800&ssl=1 4x"},"classes":[]},{"id":3105,"url":"https:\/\/lautfunk.uber.space\/probepodcast\/additive-synthese-eine-einfuehrung-in-theorie-praxis-und-geschichte\/","url_meta":{"origin":2089,"position":1},"title":"Additive Synthese: Eine Einf\u00fchrung in Theorie, Praxis und Geschichte","author":"Sascha Markmann","date":"9. September 2024","format":false,"excerpt":"Additive Synthese kombiniert einfache Sinuswellen zu komplexen Kl\u00e4ngen. Entdecke, wie durch Frequenzen, Amplituden und Phasen einzigartige Sounds in Musikproduktion entstehen!","rel":"","context":"In &quot;Blog&quot;","block_context":{"text":"Blog","link":"https:\/\/lautfunk.uber.space\/probepodcast\/category\/blog\/"},"img":{"alt_text":"","src":"https:\/\/i0.wp.com\/lautfunk.uber.space\/probepodcast\/wp-content\/uploads\/sites\/3\/2024\/09\/Additive-Synthese.jpg?resize=350%2C200&ssl=1","width":350,"height":200,"srcset":"https:\/\/i0.wp.com\/lautfunk.uber.space\/probepodcast\/wp-content\/uploads\/sites\/3\/2024\/09\/Additive-Synthese.jpg?resize=350%2C200&ssl=1 1x, https:\/\/i0.wp.com\/lautfunk.uber.space\/probepodcast\/wp-content\/uploads\/sites\/3\/2024\/09\/Additive-Synthese.jpg?resize=525%2C300&ssl=1 1.5x, https:\/\/i0.wp.com\/lautfunk.uber.space\/probepodcast\/wp-content\/uploads\/sites\/3\/2024\/09\/Additive-Synthese.jpg?resize=700%2C400&ssl=1 2x"},"classes":[]},{"id":2913,"url":"https:\/\/lautfunk.uber.space\/probepodcast\/casio-synthesizer-ein-blick-auf-die-pioniere-der-digitalen-klangerzeugung\/","url_meta":{"origin":2089,"position":2},"title":"Casio-Synthesizer: Ein Blick auf die Pioniere der digitalen Klangerzeugung","author":"Sascha Markmann","date":"12. Juli 2024","format":false,"excerpt":"\"Entdecke die faszinierende Welt der Casio-Synthesizer und ihre innovative Phase-Distortion-Synthese, die die elektronische Musik revolutioniert hat. Ein tiefer Einblick in Technik und Einfluss dieser einzigartigen Instrumente.\"","rel":"","context":"In &quot;Blog&quot;","block_context":{"text":"Blog","link":"https:\/\/lautfunk.uber.space\/probepodcast\/category\/blog\/"},"img":{"alt_text":"","src":"https:\/\/i0.wp.com\/lautfunk.uber.space\/probepodcast\/wp-content\/uploads\/sites\/3\/2024\/07\/phase-distortion-synthesis2.jpg?resize=350%2C200&ssl=1","width":350,"height":200,"srcset":"https:\/\/i0.wp.com\/lautfunk.uber.space\/probepodcast\/wp-content\/uploads\/sites\/3\/2024\/07\/phase-distortion-synthesis2.jpg?resize=350%2C200&ssl=1 1x, https:\/\/i0.wp.com\/lautfunk.uber.space\/probepodcast\/wp-content\/uploads\/sites\/3\/2024\/07\/phase-distortion-synthesis2.jpg?resize=525%2C300&ssl=1 1.5x, https:\/\/i0.wp.com\/lautfunk.uber.space\/probepodcast\/wp-content\/uploads\/sites\/3\/2024\/07\/phase-distortion-synthesis2.jpg?resize=700%2C400&ssl=1 2x"},"classes":[]},{"id":3181,"url":"https:\/\/lautfunk.uber.space\/probepodcast\/granularsynthese-eine-umfassende-erklaerung\/","url_meta":{"origin":2089,"position":3},"title":"Granularsynthese: Eine umfassende Erkl\u00e4rung","author":"Sascha Markmann","date":"23. September 2024","format":false,"excerpt":"\"Granularsynthese zerlegt Kl\u00e4nge in winzige Fragmente, die neu zusammengesetzt und modifiziert werden. Diese Technik erm\u00f6glicht einzigartige, komplexe Klanglandschaften f\u00fcr Musikproduktion und Sounddesign.\"","rel":"","context":"In &quot;Blog&quot;","block_context":{"text":"Blog","link":"https:\/\/lautfunk.uber.space\/probepodcast\/category\/blog\/"},"img":{"alt_text":"","src":"https:\/\/i0.wp.com\/lautfunk.uber.space\/probepodcast\/wp-content\/uploads\/sites\/3\/2024\/09\/granular-synthesis.jpg?resize=350%2C200&ssl=1","width":350,"height":200,"srcset":"https:\/\/i0.wp.com\/lautfunk.uber.space\/probepodcast\/wp-content\/uploads\/sites\/3\/2024\/09\/granular-synthesis.jpg?resize=350%2C200&ssl=1 1x, https:\/\/i0.wp.com\/lautfunk.uber.space\/probepodcast\/wp-content\/uploads\/sites\/3\/2024\/09\/granular-synthesis.jpg?resize=525%2C300&ssl=1 1.5x, https:\/\/i0.wp.com\/lautfunk.uber.space\/probepodcast\/wp-content\/uploads\/sites\/3\/2024\/09\/granular-synthesis.jpg?resize=700%2C400&ssl=1 2x, https:\/\/i0.wp.com\/lautfunk.uber.space\/probepodcast\/wp-content\/uploads\/sites\/3\/2024\/09\/granular-synthesis.jpg?resize=1050%2C600&ssl=1 3x, https:\/\/i0.wp.com\/lautfunk.uber.space\/probepodcast\/wp-content\/uploads\/sites\/3\/2024\/09\/granular-synthesis.jpg?resize=1400%2C800&ssl=1 4x"},"classes":[]},{"id":2750,"url":"https:\/\/lautfunk.uber.space\/probepodcast\/vector-synthese-ein-einblick-in-die-klanggestaltung-der-zukunft\/","url_meta":{"origin":2089,"position":4},"title":"Vector Synthese: Ein Einblick in die Klanggestaltung der Zukunft","author":"Sascha Markmann","date":"19. Juni 2024","format":false,"excerpt":"\"Erfahre alles \u00fcber die faszinierende Welt der Vector Synthese: Von ihrer Funktionsweise bis zu modernen Anwendungen in Synthesizern wie dem Korg Wavestate. Tauche ein in dynamische Klanglandschaften!\"","rel":"","context":"In &quot;Blog&quot;","block_context":{"text":"Blog","link":"https:\/\/lautfunk.uber.space\/probepodcast\/category\/blog\/"},"img":{"alt_text":"","src":"https:\/\/i0.wp.com\/lautfunk.uber.space\/probepodcast\/wp-content\/uploads\/sites\/3\/2024\/06\/Vector-Synthese.jpg?resize=350%2C200&ssl=1","width":350,"height":200,"srcset":"https:\/\/i0.wp.com\/lautfunk.uber.space\/probepodcast\/wp-content\/uploads\/sites\/3\/2024\/06\/Vector-Synthese.jpg?resize=350%2C200&ssl=1 1x, https:\/\/i0.wp.com\/lautfunk.uber.space\/probepodcast\/wp-content\/uploads\/sites\/3\/2024\/06\/Vector-Synthese.jpg?resize=525%2C300&ssl=1 1.5x, https:\/\/i0.wp.com\/lautfunk.uber.space\/probepodcast\/wp-content\/uploads\/sites\/3\/2024\/06\/Vector-Synthese.jpg?resize=700%2C400&ssl=1 2x, https:\/\/i0.wp.com\/lautfunk.uber.space\/probepodcast\/wp-content\/uploads\/sites\/3\/2024\/06\/Vector-Synthese.jpg?resize=1050%2C600&ssl=1 3x, https:\/\/i0.wp.com\/lautfunk.uber.space\/probepodcast\/wp-content\/uploads\/sites\/3\/2024\/06\/Vector-Synthese.jpg?resize=1400%2C800&ssl=1 4x"},"classes":[]},{"id":2703,"url":"https:\/\/lautfunk.uber.space\/probepodcast\/einfuehrung-in-die-subtraktive-synthese-in-der-musikproduktion\/","url_meta":{"origin":2089,"position":5},"title":"Einf\u00fchrung in die Subtraktive Synthese in der Musikproduktion","author":"Sascha Markmann","date":"12. Juni 2024","format":false,"excerpt":"Entdecke die Welt der subtraktiven Synthese! Lerne die Grundlagen von Oszillatoren, Filtern, Verst\u00e4rkern und mehr. Perfekt f\u00fcr Einsteiger in die Musikproduktion und elektronische Klanggestaltung.","rel":"","context":"In &quot;Blog&quot;","block_context":{"text":"Blog","link":"https:\/\/lautfunk.uber.space\/probepodcast\/category\/blog\/"},"img":{"alt_text":"","src":"https:\/\/i0.wp.com\/lautfunk.uber.space\/probepodcast\/wp-content\/uploads\/sites\/3\/2024\/06\/Subtrative-Synthese-.jpg?resize=350%2C200&ssl=1","width":350,"height":200,"srcset":"https:\/\/i0.wp.com\/lautfunk.uber.space\/probepodcast\/wp-content\/uploads\/sites\/3\/2024\/06\/Subtrative-Synthese-.jpg?resize=350%2C200&ssl=1 1x, https:\/\/i0.wp.com\/lautfunk.uber.space\/probepodcast\/wp-content\/uploads\/sites\/3\/2024\/06\/Subtrative-Synthese-.jpg?resize=525%2C300&ssl=1 1.5x, https:\/\/i0.wp.com\/lautfunk.uber.space\/probepodcast\/wp-content\/uploads\/sites\/3\/2024\/06\/Subtrative-Synthese-.jpg?resize=700%2C400&ssl=1 2x"},"classes":[]}],"jetpack_sharing_enabled":true,"_links":{"self":[{"href":"https:\/\/lautfunk.uber.space\/probepodcast\/wp-json\/wp\/v2\/posts\/2089","targetHints":{"allow":["GET"]}}],"collection":[{"href":"https:\/\/lautfunk.uber.space\/probepodcast\/wp-json\/wp\/v2\/posts"}],"about":[{"href":"https:\/\/lautfunk.uber.space\/probepodcast\/wp-json\/wp\/v2\/types\/post"}],"author":[{"embeddable":true,"href":"https:\/\/lautfunk.uber.space\/probepodcast\/wp-json\/wp\/v2\/users\/2"}],"replies":[{"embeddable":true,"href":"https:\/\/lautfunk.uber.space\/probepodcast\/wp-json\/wp\/v2\/comments?post=2089"}],"version-history":[{"count":5,"href":"https:\/\/lautfunk.uber.space\/probepodcast\/wp-json\/wp\/v2\/posts\/2089\/revisions"}],"predecessor-version":[{"id":4012,"href":"https:\/\/lautfunk.uber.space\/probepodcast\/wp-json\/wp\/v2\/posts\/2089\/revisions\/4012"}],"wp:featuredmedia":[{"embeddable":true,"href":"https:\/\/lautfunk.uber.space\/probepodcast\/wp-json\/wp\/v2\/media\/2091"}],"wp:attachment":[{"href":"https:\/\/lautfunk.uber.space\/probepodcast\/wp-json\/wp\/v2\/media?parent=2089"}],"wp:term":[{"taxonomy":"category","embeddable":true,"href":"https:\/\/lautfunk.uber.space\/probepodcast\/wp-json\/wp\/v2\/categories?post=2089"},{"taxonomy":"post_tag","embeddable":true,"href":"https:\/\/lautfunk.uber.space\/probepodcast\/wp-json\/wp\/v2\/tags?post=2089"}],"curies":[{"name":"wp","href":"https:\/\/api.w.org\/{rel}","templated":true}]}}